{"id":3614,"date":"2018-01-30T08:20:46","date_gmt":"2018-01-30T08:20:46","guid":{"rendered":"https:\/\/asfema.org\/blog\/?p=3614"},"modified":"2018-01-30T08:20:46","modified_gmt":"2018-01-30T08:20:46","slug":"entrevista-con-el-presidente-de-la-feemh-para-el-programa-enfermedades-raras-de-gestiona-radio","status":"publish","type":"post","link":"https:\/\/asfema.org\/blog\/index.php\/entrevista-con-el-presidente-de-la-feemh-para-el-programa-enfermedades-raras-de-gestiona-radio\/","title":{"rendered":"Entrevista con el Presidente de la FEEMH para el programa \u2018Enfermedades Raras\u2019 de Gestiona Radio"},"content":{"rendered":"<p>Compartimos una entrevista realizada a Aitor Calero (Presidente de la FEEM) el pasado \u00a025 de enero en el programa \u2018Enfermedades Raras\u2019 de Gestiona Radio, presentado y dirigido por Antonio G. Armas. <a href=\"https:\/\/asfema.org\/blog\/wp-content\/uploads\/2018\/01\/interview-905535_960_720.png\"><img decoding=\"async\" loading=\"lazy\" class=\" wp-image-3615 alignright\" src=\"https:\/\/asfema.org\/blog\/wp-content\/uploads\/2018\/01\/interview-905535_960_720-250x141.png\" alt=\"\" width=\"254\" height=\"143\" srcset=\"https:\/\/asfema.org\/blog\/wp-content\/uploads\/2018\/01\/interview-905535_960_720-250x141.png 250w, https:\/\/asfema.org\/blog\/wp-content\/uploads\/2018\/01\/interview-905535_960_720-850x478.png 850w, https:\/\/asfema.org\/blog\/wp-content\/uploads\/2018\/01\/interview-905535_960_720-800x450.png 800w\" sizes=\"(max-width: 254px) 100vw, 254px\" \/><\/a><\/p>\n<p>Durante la misma se trataron \u00a0los resultados obtenidos en un estudio de aminoacidopatias realizado durante el a\u00f1o 2017, as\u00ed como otros aspectos que afectan al colectivo de afectados por las metabolopat\u00edas, como son entre otros, el cribado neonatal, la importancia de la detecci\u00f3n temprana, los diferentes problemas de acceso a alimentos bajos en prote\u00ednas, as\u00ed como su elevado precio.<\/p>\n<p>Pod\u00e9is escuchar el programa completo a trav\u00e9s de este link:<\/p>\n<p><a href=\"http:\/\/www.ivoox.com\/player_ej_23357193_4_1.html?c1=ff6600\">http:\/\/www.ivoox.com\/player_ej_23357193_4_1.html?c1=ff6600<\/a><\/p>\n<p>&nbsp;<\/p>\n","protected":false},"excerpt":{"rendered":"<p>Compartimos una entrevista realizada a Aitor Calero (Presidente de la FEEM) el pasado \u00a025 de enero en el programa \u2018Enfermedades Raras\u2019 de Gestiona Radio, presentado y dirigido por Antonio G. Armas. Durante la misma se trataron \u00a0los resultados obtenidos en un estudio de aminoacidopatias realizado durante el a\u00f1o 2017, as\u00ed como otros aspectos que afectan &hellip;<\/p>\n<p class=\"read-more\"> <a class=\"\" href=\"https:\/\/asfema.org\/blog\/index.php\/entrevista-con-el-presidente-de-la-feemh-para-el-programa-enfermedades-raras-de-gestiona-radio\/\"> <span class=\"screen-reader-text\">Entrevista con el Presidente de la FEEMH para el programa \u2018Enfermedades Raras\u2019 de Gestiona Radio<\/span> Read More &raquo;<\/a><\/p>\n","protected":false},"author":11,"featured_media":3615,"comment_status":"open","ping_status":"open","sticky":false,"template":"","format":"standard","meta":{"site-sidebar-layout":"default","site-content-layout":"default","ast-global-header-display":"","ast-banner-title-visibility":"","ast-main-header-display":"","ast-hfb-above-header-display":"","ast-hfb-below-header-display":"","ast-hfb-mobile-header-display":"","site-post-title":"","ast-breadcrumbs-content":"","ast-featured-img":"","footer-sml-layout":"","theme-transparent-header-meta":"","adv-header-id-meta":"","stick-header-meta":"","header-above-stick-meta":"","header-main-stick-meta":"","header-below-stick-meta":"","footnotes":""},"categories":[210,5],"tags":[53,168,365,381,134],"acf":[],"_links":{"self":[{"href":"https:\/\/asfema.org\/blog\/index.php\/wp-json\/wp\/v2\/posts\/3614"}],"collection":[{"href":"https:\/\/asfema.org\/blog\/index.php\/wp-json\/wp\/v2\/posts"}],"about":[{"href":"https:\/\/asfema.org\/blog\/index.php\/wp-json\/wp\/v2\/types\/post"}],"author":[{"embeddable":true,"href":"https:\/\/asfema.org\/blog\/index.php\/wp-json\/wp\/v2\/users\/11"}],"replies":[{"embeddable":true,"href":"https:\/\/asfema.org\/blog\/index.php\/wp-json\/wp\/v2\/comments?post=3614"}],"version-history":[{"count":2,"href":"https:\/\/asfema.org\/blog\/index.php\/wp-json\/wp\/v2\/posts\/3614\/revisions"}],"predecessor-version":[{"id":3617,"href":"https:\/\/asfema.org\/blog\/index.php\/wp-json\/wp\/v2\/posts\/3614\/revisions\/3617"}],"wp:featuredmedia":[{"embeddable":true,"href":"https:\/\/asfema.org\/blog\/index.php\/wp-json\/wp\/v2\/media\/3615"}],"wp:attachment":[{"href":"https:\/\/asfema.org\/blog\/index.php\/wp-json\/wp\/v2\/media?parent=3614"}],"wp:term":[{"taxonomy":"category","embeddable":true,"href":"https:\/\/asfema.org\/blog\/index.php\/wp-json\/wp\/v2\/categories?post=3614"},{"taxonomy":"post_tag","embeddable":true,"href":"https:\/\/asfema.org\/blog\/index.php\/wp-json\/wp\/v2\/tags?post=3614"}],"curies":[{"name":"wp","href":"https:\/\/api.w.org\/{rel}","templated":true}]}}