{"id":3647,"date":"2018-02-16T07:23:48","date_gmt":"2018-02-16T07:23:48","guid":{"rendered":"https:\/\/asfema.org\/blog\/?p=3647"},"modified":"2018-02-16T07:23:48","modified_gmt":"2018-02-16T07:23:48","slug":"conferencia-el-privilegio-de-vivir-impartida-por-sebastian-darpa","status":"publish","type":"post","link":"https:\/\/asfema.org\/blog\/index.php\/conferencia-el-privilegio-de-vivir-impartida-por-sebastian-darpa\/","title":{"rendered":"Conferencia &#8220;El privilegio de vivir&#8221; impartida por Sebastian Darpa"},"content":{"rendered":"<p>Os informamos que <strong>ASFEMA<\/strong>, organiza una conferencia bajo el titulo <strong><u>&#8220;EL PRIVILEGIO DE VIVIR&#8221; (Autoestima, Gesti\u00f3n Emocional y Enfoque)<\/u><\/strong>, impartida por<strong> <a href=\"http:\/\/www.sebastiandarpa.com\/\">Sebastian Darpa<\/a><\/strong> excelente comunicador y expero en desarrollo personal, que de forma altruista cedera todo lo recaudado a nuestra asociaci\u00f3n. Nuestro mas sincero agradecimiento a Sebastian por esta muestra de solidaridad con nuestro colectivo.<\/p>\n<p><a href=\"https:\/\/asfema.org\/blog\/wp-content\/uploads\/2018\/02\/darpa.png\"><img decoding=\"async\" loading=\"lazy\" class=\"wp-image-3648 alignright\" src=\"https:\/\/asfema.org\/blog\/wp-content\/uploads\/2018\/02\/darpa-250x141.png\" alt=\"\" width=\"319\" height=\"180\" \/><\/a>El objetivo de esta Conferencia es ofrecer a la audiencia las herramientas para reforzar nuestra autoestima, cuestionar creencias, identificar nuestros valores personales, aprender a gestionar las emociones y los pensamientos y en definitiva ser capaz de vencer todo aquello que nos detiene enfrent\u00e1ndonos a nuestros miedos y limitaciones inconscientes.<\/p>\n<p><strong><a href=\"http:\/\/www.sebastiandarpa.com\/\">Sebastian Darpa<\/a><\/strong> nos ofrece una Conferencia llena de aprendizaje que movilizar\u00e1 nuestros sentidos y se convertir\u00e1 en una experiencia \u00fanica e inolvidable. Podeis encontrar toda la informacion <strong><a href=\"https:\/\/www.eventbrite.es\/e\/entradas-conferencia-el-privilegio-de-vivir-autoestima-gestion-emocional-y-enfoque-42980540955\">AQU\u00cd.<\/a><\/strong><\/p>\n<ul>\n<li class=\"label-primary l-mar-bot-2\" data-automation=\"listing-info-language\"><strong>Fecha y hora: martes, 13 de marzo de 2018 a\u00a0 las 19:00h.<\/strong><\/li>\n<li class=\"label-primary l-mar-bot-2\" data-automation=\"listing-info-language\"><strong>Ubicaci\u00f3n: Sala Primavera &#8211; Centro Cultural Casa del Reloj. Paseo de la Chopera,6 Madrid.\u00a0 <a class=\"js-d-scroll-to js-scroll-to-map\" href=\"https:\/\/www.google.es\/maps\/place\/Paseo+de+la+Chopera,+6,+28045+Madrid\/@40.3945436,-3.7010163,17.5z\/data=!4m5!3m4!1s0xd422635a602a26d:0x109936e2b7b28f96!8m2!3d40.3945088!4d-3.7000853\" data-d-duration=\"1500\" data-d-destination=\"#map-target\" data-xd-wired=\"scroll-to\">Ver mapa.<\/a><\/strong><\/li>\n<\/ul>\n<p>\u00a1Un oportunidad que no podemos dejar escapar, os esperamos a todos los socios, y sus familiares y amigos!<\/p>\n","protected":false},"excerpt":{"rendered":"<p>Os informamos que ASFEMA, organiza una conferencia bajo el titulo &#8220;EL PRIVILEGIO DE VIVIR&#8221; (Autoestima, Gesti\u00f3n Emocional y Enfoque), impartida por Sebastian Darpa excelente comunicador y expero en desarrollo personal, que de forma altruista cedera todo lo recaudado a nuestra asociaci\u00f3n. Nuestro mas sincero agradecimiento a Sebastian por esta muestra de solidaridad con nuestro colectivo. &hellip;<\/p>\n<p class=\"read-more\"> <a class=\"\" href=\"https:\/\/asfema.org\/blog\/index.php\/conferencia-el-privilegio-de-vivir-impartida-por-sebastian-darpa\/\"> <span class=\"screen-reader-text\">Conferencia &#8220;El privilegio de vivir&#8221; impartida por Sebastian Darpa<\/span> Read More &raquo;<\/a><\/p>\n","protected":false},"author":11,"featured_media":3648,"comment_status":"open","ping_status":"open","sticky":false,"template":"","format":"standard","meta":{"site-sidebar-layout":"default","site-content-layout":"default","ast-global-header-display":"","ast-banner-title-visibility":"","ast-main-header-display":"","ast-hfb-above-header-display":"","ast-hfb-below-header-display":"","ast-hfb-mobile-header-display":"","site-post-title":"","ast-breadcrumbs-content":"","ast-featured-img":"","footer-sml-layout":"","theme-transparent-header-meta":"","adv-header-id-meta":"","stick-header-meta":"","header-above-stick-meta":"","header-main-stick-meta":"","header-below-stick-meta":"","footnotes":""},"categories":[31,22,332],"tags":[383,33,36,382,247],"acf":[],"_links":{"self":[{"href":"https:\/\/asfema.org\/blog\/index.php\/wp-json\/wp\/v2\/posts\/3647"}],"collection":[{"href":"https:\/\/asfema.org\/blog\/index.php\/wp-json\/wp\/v2\/posts"}],"about":[{"href":"https:\/\/asfema.org\/blog\/index.php\/wp-json\/wp\/v2\/types\/post"}],"author":[{"embeddable":true,"href":"https:\/\/asfema.org\/blog\/index.php\/wp-json\/wp\/v2\/users\/11"}],"replies":[{"embeddable":true,"href":"https:\/\/asfema.org\/blog\/index.php\/wp-json\/wp\/v2\/comments?post=3647"}],"version-history":[{"count":3,"href":"https:\/\/asfema.org\/blog\/index.php\/wp-json\/wp\/v2\/posts\/3647\/revisions"}],"predecessor-version":[{"id":3651,"href":"https:\/\/asfema.org\/blog\/index.php\/wp-json\/wp\/v2\/posts\/3647\/revisions\/3651"}],"wp:featuredmedia":[{"embeddable":true,"href":"https:\/\/asfema.org\/blog\/index.php\/wp-json\/wp\/v2\/media\/3648"}],"wp:attachment":[{"href":"https:\/\/asfema.org\/blog\/index.php\/wp-json\/wp\/v2\/media?parent=3647"}],"wp:term":[{"taxonomy":"category","embeddable":true,"href":"https:\/\/asfema.org\/blog\/index.php\/wp-json\/wp\/v2\/categories?post=3647"},{"taxonomy":"post_tag","embeddable":true,"href":"https:\/\/asfema.org\/blog\/index.php\/wp-json\/wp\/v2\/tags?post=3647"}],"curies":[{"name":"wp","href":"https:\/\/api.w.org\/{rel}","templated":true}]}}