{"id":3658,"date":"2018-02-27T07:05:27","date_gmt":"2018-02-27T07:05:27","guid":{"rendered":"https:\/\/asfema.org\/blog\/?p=3658"},"modified":"2018-02-27T07:05:27","modified_gmt":"2018-02-27T07:05:27","slug":"dia-mundial-de-enfermedades-raras-o-poco-frecuentes","status":"publish","type":"post","link":"https:\/\/asfema.org\/blog\/index.php\/dia-mundial-de-enfermedades-raras-o-poco-frecuentes\/","title":{"rendered":"Dia mundial de enfermedades raras o poco frecuentes"},"content":{"rendered":"<p>El\u00a0 d\u00eda 28 de febrero celebramos el d\u00eda de las enfermedades raras o poco frecuentes.\u00a0 La Campa\u00f1a tiene como objetivo concienciar sobre las enfermedades poco frecuentes y situarlas como una prioridad en la agenda social y sanitaria<\/p>\n<p>Os adjuntamos el video que se ha preparado para el d\u00eda mundial de las enfermedades raras 2018.<\/p>\n<div class=\"ast-oembed-container\" style=\"height: 100%;\"><iframe loading=\"lazy\" width=\"500\" height=\"281\" src=\"https:\/\/www.youtube.com\/embed\/CLs5Q1XUiUg?feature=oembed\" frameborder=\"0\" allow=\"autoplay; encrypted-media\" allowfullscreen><\/iframe><\/div>\n<p>Tenemos que recordar que juntos somos m\u00e1s fuertes, y que si nos unimos aprovechando este tipo de celebraciones estaremos mas cerca de conseguir m\u00e1s recursos, atenci\u00f3n especializada, pol\u00edticas m\u00e1s inclusivas en distintos \u00e1mbitos, etc&#8230; es decir, las demandas comunes que tenemos todas personas y familiares que englobamos las enfermedades raras.<\/p>\n<p>Seamos activos en nuestras redes sociales, comparte esta celebracion con todo tus allegados, en el trabajo, en el colegio, donde se te ocurra. Darnos visibilidad, para que todos conozcan que estamos ah\u00ed, que no somos pocos y que tenemos mucho por conseguir.<\/p>\n<p>&nbsp;<\/p>\n<p>&nbsp;<\/p>\n","protected":false},"excerpt":{"rendered":"<p>El\u00a0 d\u00eda 28 de febrero celebramos el d\u00eda de las enfermedades raras o poco frecuentes.\u00a0 La Campa\u00f1a tiene como objetivo concienciar sobre las enfermedades poco frecuentes y situarlas como una prioridad en la agenda social y sanitaria Os adjuntamos el video que se ha preparado para el d\u00eda mundial de las enfermedades raras 2018. Tenemos &hellip;<\/p>\n<p class=\"read-more\"> <a class=\"\" href=\"https:\/\/asfema.org\/blog\/index.php\/dia-mundial-de-enfermedades-raras-o-poco-frecuentes\/\"> <span class=\"screen-reader-text\">Dia mundial de enfermedades raras o poco frecuentes<\/span> Read More &raquo;<\/a><\/p>\n","protected":false},"author":11,"featured_media":3660,"comment_status":"open","ping_status":"open","sticky":false,"template":"","format":"standard","meta":{"site-sidebar-layout":"default","site-content-layout":"default","ast-global-header-display":"","ast-banner-title-visibility":"","ast-main-header-display":"","ast-hfb-above-header-display":"","ast-hfb-below-header-display":"","ast-hfb-mobile-header-display":"","site-post-title":"","ast-breadcrumbs-content":"","ast-featured-img":"","footer-sml-layout":"","theme-transparent-header-meta":"","adv-header-id-meta":"","stick-header-meta":"","header-above-stick-meta":"","header-main-stick-meta":"","header-below-stick-meta":"","footnotes":""},"categories":[332,5],"tags":[385,384,53,26],"acf":[],"_links":{"self":[{"href":"https:\/\/asfema.org\/blog\/index.php\/wp-json\/wp\/v2\/posts\/3658"}],"collection":[{"href":"https:\/\/asfema.org\/blog\/index.php\/wp-json\/wp\/v2\/posts"}],"about":[{"href":"https:\/\/asfema.org\/blog\/index.php\/wp-json\/wp\/v2\/types\/post"}],"author":[{"embeddable":true,"href":"https:\/\/asfema.org\/blog\/index.php\/wp-json\/wp\/v2\/users\/11"}],"replies":[{"embeddable":true,"href":"https:\/\/asfema.org\/blog\/index.php\/wp-json\/wp\/v2\/comments?post=3658"}],"version-history":[{"count":2,"href":"https:\/\/asfema.org\/blog\/index.php\/wp-json\/wp\/v2\/posts\/3658\/revisions"}],"predecessor-version":[{"id":3661,"href":"https:\/\/asfema.org\/blog\/index.php\/wp-json\/wp\/v2\/posts\/3658\/revisions\/3661"}],"wp:featuredmedia":[{"embeddable":true,"href":"https:\/\/asfema.org\/blog\/index.php\/wp-json\/wp\/v2\/media\/3660"}],"wp:attachment":[{"href":"https:\/\/asfema.org\/blog\/index.php\/wp-json\/wp\/v2\/media?parent=3658"}],"wp:term":[{"taxonomy":"category","embeddable":true,"href":"https:\/\/asfema.org\/blog\/index.php\/wp-json\/wp\/v2\/categories?post=3658"},{"taxonomy":"post_tag","embeddable":true,"href":"https:\/\/asfema.org\/blog\/index.php\/wp-json\/wp\/v2\/tags?post=3658"}],"curies":[{"name":"wp","href":"https:\/\/api.w.org\/{rel}","templated":true}]}}