{"id":3662,"date":"2018-02-27T07:22:00","date_gmt":"2018-02-27T07:22:00","guid":{"rendered":"https:\/\/asfema.org\/blog\/?p=3662"},"modified":"2018-03-15T17:17:53","modified_gmt":"2018-03-15T17:17:53","slug":"asamblea-general-ordinaria-2018","status":"publish","type":"post","link":"https:\/\/asfema.org\/blog\/index.php\/asamblea-general-ordinaria-2018\/","title":{"rendered":"Asamblea general ordinaria 2018"},"content":{"rendered":"<p>El pr\u00f3ximo <strong>s\u00e1bado 17 de Marzo a las 10:00 <\/strong>en primera convocatoria y<strong> 10:15 <\/strong>en segunda convocatoria celebraremos en<strong> Fundaci\u00f3n Once<\/strong> (<a href=\"https:\/\/maps.google.com\/?q=calle+Sebasti%C3%A1n+Herrera+15&amp;entry=gmail&amp;source=g\">calle Sebasti\u00e1n Herrera 15<\/a>), la <strong>\u201cAsamblea anual de ASFEMA\u201d <\/strong>donde repasaremos lo acontecido en 2017 en la asociaci\u00f3n, expondremos las cuentas a los socios y comentaremos los pr\u00f3ximos eventos.<\/p>\n<p><a href=\"https:\/\/asfema.org\/blog\/wp-content\/uploads\/2012\/05\/cropped-PORTADA-WEB-960X200-copia.jpg\"><img decoding=\"async\" loading=\"lazy\" class=\"wp-image-2450 aligncenter\" src=\"https:\/\/asfema.org\/blog\/wp-content\/uploads\/2012\/05\/cropped-PORTADA-WEB-960X200-copia.jpg\" alt=\"\" width=\"595\" height=\"124\" srcset=\"https:\/\/asfema.org\/blog\/wp-content\/uploads\/2012\/05\/cropped-PORTADA-WEB-960X200-copia.jpg 960w, https:\/\/asfema.org\/blog\/wp-content\/uploads\/2012\/05\/cropped-PORTADA-WEB-960X200-copia-768x160.jpg 768w\" sizes=\"(max-width: 595px) 100vw, 595px\" \/><\/a>La asamblea es el lugar donde pod\u00e9is expresar vuestras inquietudes, propuestas y quejas, por lo que esperamos que haya un gran n\u00famero de asistentes para que entre todos podamos seguir creciendo como asociaci\u00f3n.<\/p>\n<p>En el horario y lugar de la Asamblea tenemos preparado un taller de manualidades para que los padres que vengan con menores puedan dejar a sus hijos mientras dure la asamblea.<\/p>\n<p>Adjuntamos el balance de cuentas de Asfema en el 2017, pincha <span style=\"color: #0000ff;\"><strong><a href=\"https:\/\/asfema.org\/blog\/wp-content\/uploads\/2018\/03\/CUENTAS-ASFEMA-2017.pdf\">AQUI<\/a> <\/strong><\/span>para consulta.<\/p>\n<p>Adjuntamos un documento para qui\u00e9n no pueda asistir a la asamblea pueda realizar su delegaci\u00f3n de voto: <a href=\"https:\/\/asfema.us5.list-manage.com\/track\/click?u=755c347bff48a967a63bd271e&amp;id=32c5f3fae9&amp;e=3e5c56d464\" target=\"_blank\" rel=\"noopener\" data-saferedirecturl=\"https:\/\/www.google.com\/url?hl=es&amp;q=https:\/\/asfema.us5.list-manage.com\/track\/click?u%3D755c347bff48a967a63bd271e%26id%3D32c5f3fae9%26e%3D3e5c56d464&amp;source=gmail&amp;ust=1519801668688000&amp;usg=AFQjCNFEumjSQVR27AOBMwhpxH_-TUmUvw\">https:\/\/asfema.org\/blog\/wp-<wbr \/>content\/uploads\/2018\/02\/<wbr \/>Delegaci\u00f3ndevoto.pdf<\/a><\/p>\n","protected":false},"excerpt":{"rendered":"<p>El pr\u00f3ximo s\u00e1bado 17 de Marzo a las 10:00 en primera convocatoria y 10:15 en segunda convocatoria celebraremos en Fundaci\u00f3n Once (calle Sebasti\u00e1n Herrera 15), la \u201cAsamblea anual de ASFEMA\u201d donde repasaremos lo acontecido en 2017 en la asociaci\u00f3n, expondremos las cuentas a los socios y comentaremos los pr\u00f3ximos eventos. La asamblea es el lugar &hellip;<\/p>\n<p class=\"read-more\"> <a class=\"\" href=\"https:\/\/asfema.org\/blog\/index.php\/asamblea-general-ordinaria-2018\/\"> <span class=\"screen-reader-text\">Asamblea general ordinaria 2018<\/span> Read More &raquo;<\/a><\/p>\n","protected":false},"author":11,"featured_media":1495,"comment_status":"open","ping_status":"open","sticky":false,"template":"","format":"standard","meta":{"site-sidebar-layout":"default","site-content-layout":"default","ast-global-header-display":"","ast-banner-title-visibility":"","ast-main-header-display":"","ast-hfb-above-header-display":"","ast-hfb-below-header-display":"","ast-hfb-mobile-header-display":"","site-post-title":"","ast-breadcrumbs-content":"","ast-featured-img":"","footer-sml-layout":"","theme-transparent-header-meta":"","adv-header-id-meta":"","stick-header-meta":"","header-above-stick-meta":"","header-main-stick-meta":"","header-below-stick-meta":"","footnotes":""},"categories":[31,332,5],"tags":[58,59,94,57,147],"acf":[],"_links":{"self":[{"href":"https:\/\/asfema.org\/blog\/index.php\/wp-json\/wp\/v2\/posts\/3662"}],"collection":[{"href":"https:\/\/asfema.org\/blog\/index.php\/wp-json\/wp\/v2\/posts"}],"about":[{"href":"https:\/\/asfema.org\/blog\/index.php\/wp-json\/wp\/v2\/types\/post"}],"author":[{"embeddable":true,"href":"https:\/\/asfema.org\/blog\/index.php\/wp-json\/wp\/v2\/users\/11"}],"replies":[{"embeddable":true,"href":"https:\/\/asfema.org\/blog\/index.php\/wp-json\/wp\/v2\/comments?post=3662"}],"version-history":[{"count":3,"href":"https:\/\/asfema.org\/blog\/index.php\/wp-json\/wp\/v2\/posts\/3662\/revisions"}],"predecessor-version":[{"id":3754,"href":"https:\/\/asfema.org\/blog\/index.php\/wp-json\/wp\/v2\/posts\/3662\/revisions\/3754"}],"wp:featuredmedia":[{"embeddable":true,"href":"https:\/\/asfema.org\/blog\/index.php\/wp-json\/wp\/v2\/media\/1495"}],"wp:attachment":[{"href":"https:\/\/asfema.org\/blog\/index.php\/wp-json\/wp\/v2\/media?parent=3662"}],"wp:term":[{"taxonomy":"category","embeddable":true,"href":"https:\/\/asfema.org\/blog\/index.php\/wp-json\/wp\/v2\/categories?post=3662"},{"taxonomy":"post_tag","embeddable":true,"href":"https:\/\/asfema.org\/blog\/index.php\/wp-json\/wp\/v2\/tags?post=3662"}],"curies":[{"name":"wp","href":"https:\/\/api.w.org\/{rel}","templated":true}]}}