{"id":3736,"date":"2018-03-11T00:36:57","date_gmt":"2018-03-11T00:36:57","guid":{"rendered":"https:\/\/asfema.org\/blog\/?p=3736"},"modified":"2018-03-15T17:03:40","modified_gmt":"2018-03-15T17:03:40","slug":"xviii-congreso-nacional-de-enfermedades-metabolicas-hereditarias-en-sevilla","status":"publish","type":"post","link":"https:\/\/asfema.org\/blog\/index.php\/xviii-congreso-nacional-de-enfermedades-metabolicas-hereditarias-en-sevilla\/","title":{"rendered":"XVIII Congreso Nacional de Enfermedades Metab\u00f3licas Hereditarias en Sevilla"},"content":{"rendered":"<p>Como ya informamos anteriormente, la Federaci\u00f3n Espa\u00f1ola de Enfermedades Metab\u00f3licas Hereditarias (<strong>FEEMH<\/strong>) comienza los preparativos para el <strong>XVIII Congreso Nacional de Enfermedades Metab\u00f3licas Hereditarias<\/strong> que este a\u00f1o tendr\u00e1 lugar el fin de semana de <strong>14 a 16 de septiembre<\/strong> de 2018 en el <strong><a href=\"https:\/\/www.hoteles-silken.com\/es\/hotel-al-andalus-sevilla\/\">hotel Silken Al-Andalus de Sevilla<\/a><\/strong>.<\/p>\n<p><a href=\"https:\/\/asfema.org\/blog\/wp-content\/uploads\/2018\/03\/metabolicos.png\"><img decoding=\"async\" loading=\"lazy\" class=\"alignnone wp-image-3737 size-full\" src=\"https:\/\/asfema.org\/blog\/wp-content\/uploads\/2018\/03\/metabolicos.png\" alt=\"\" width=\"1500\" height=\"500\" srcset=\"https:\/\/asfema.org\/blog\/wp-content\/uploads\/2018\/03\/metabolicos.png 1500w, https:\/\/asfema.org\/blog\/wp-content\/uploads\/2018\/03\/metabolicos-768x256.png 768w\" sizes=\"(max-width: 1500px) 100vw, 1500px\" \/><\/a><\/p>\n<p>Os informamos, que ya se han publicado los precios del congreso, y son los siguientes:<\/p>\n<ul>\n<li>Adultos asistentes: <strong>120\u20ac.<\/strong><\/li>\n<li>Pacientes metab\u00f3licos de cualquier edad: <strong>sin coste<\/strong>.<\/li>\n<li>Menores de\u00a0<u>18 a\u00f1os\u00a0<\/u>no metab\u00f3licos: <strong>60\u20ac.<\/strong><\/li>\n<li>Asistencia el s\u00e1bado, con comida y cena: <strong>75\u20ac.<\/strong><\/li>\n<li>Asistencia el s\u00e1bado sin comida, solo asistentes hasta completar aforo : <strong>25\u20ac.<\/strong><\/li>\n<\/ul>\n<p><strong>\u00a1Animaos! es una oportunidad \u00fanica para conocer a los dem\u00e1s afectados, hablar con especialistas y compartir dudas, logros y experiencias.<\/strong><\/p>\n","protected":false},"excerpt":{"rendered":"<p>Como ya informamos anteriormente, la Federaci\u00f3n Espa\u00f1ola de Enfermedades Metab\u00f3licas Hereditarias (FEEMH) comienza los preparativos para el XVIII Congreso Nacional de Enfermedades Metab\u00f3licas Hereditarias que este a\u00f1o tendr\u00e1 lugar el fin de semana de 14 a 16 de septiembre de 2018 en el hotel Silken Al-Andalus de Sevilla. Os informamos, que ya se han publicado &hellip;<\/p>\n<p class=\"read-more\"> <a class=\"\" href=\"https:\/\/asfema.org\/blog\/index.php\/xviii-congreso-nacional-de-enfermedades-metabolicas-hereditarias-en-sevilla\/\"> <span class=\"screen-reader-text\">XVIII Congreso Nacional de Enfermedades Metab\u00f3licas Hereditarias en Sevilla<\/span> Read More &raquo;<\/a><\/p>\n","protected":false},"author":11,"featured_media":3737,"comment_status":"open","ping_status":"open","sticky":false,"template":"","format":"standard","meta":{"site-sidebar-layout":"default","site-content-layout":"default","ast-global-header-display":"","ast-banner-title-visibility":"","ast-main-header-display":"","ast-hfb-above-header-display":"","ast-hfb-below-header-display":"","ast-hfb-mobile-header-display":"","site-post-title":"","ast-breadcrumbs-content":"","ast-featured-img":"","footer-sml-layout":"","theme-transparent-header-meta":"","adv-header-id-meta":"","stick-header-meta":"","header-above-stick-meta":"","header-main-stick-meta":"","header-below-stick-meta":"","footnotes":""},"categories":[31,5],"tags":[89,33,365,26],"acf":[],"_links":{"self":[{"href":"https:\/\/asfema.org\/blog\/index.php\/wp-json\/wp\/v2\/posts\/3736"}],"collection":[{"href":"https:\/\/asfema.org\/blog\/index.php\/wp-json\/wp\/v2\/posts"}],"about":[{"href":"https:\/\/asfema.org\/blog\/index.php\/wp-json\/wp\/v2\/types\/post"}],"author":[{"embeddable":true,"href":"https:\/\/asfema.org\/blog\/index.php\/wp-json\/wp\/v2\/users\/11"}],"replies":[{"embeddable":true,"href":"https:\/\/asfema.org\/blog\/index.php\/wp-json\/wp\/v2\/comments?post=3736"}],"version-history":[{"count":2,"href":"https:\/\/asfema.org\/blog\/index.php\/wp-json\/wp\/v2\/posts\/3736\/revisions"}],"predecessor-version":[{"id":3747,"href":"https:\/\/asfema.org\/blog\/index.php\/wp-json\/wp\/v2\/posts\/3736\/revisions\/3747"}],"wp:featuredmedia":[{"embeddable":true,"href":"https:\/\/asfema.org\/blog\/index.php\/wp-json\/wp\/v2\/media\/3737"}],"wp:attachment":[{"href":"https:\/\/asfema.org\/blog\/index.php\/wp-json\/wp\/v2\/media?parent=3736"}],"wp:term":[{"taxonomy":"category","embeddable":true,"href":"https:\/\/asfema.org\/blog\/index.php\/wp-json\/wp\/v2\/categories?post=3736"},{"taxonomy":"post_tag","embeddable":true,"href":"https:\/\/asfema.org\/blog\/index.php\/wp-json\/wp\/v2\/tags?post=3736"}],"curies":[{"name":"wp","href":"https:\/\/api.w.org\/{rel}","templated":true}]}}