{"id":3911,"date":"2018-07-09T08:06:16","date_gmt":"2018-07-09T08:06:16","guid":{"rendered":"https:\/\/asfema.org\/blog\/?p=3911"},"modified":"2018-07-09T08:06:16","modified_gmt":"2018-07-09T08:06:16","slug":"concierto-solidario-en-favor-de-asfema","status":"publish","type":"post","link":"https:\/\/asfema.org\/blog\/index.php\/concierto-solidario-en-favor-de-asfema\/","title":{"rendered":"Concierto solidario en favor de ASFEMA"},"content":{"rendered":"<p>El pr\u00f3ximo <u>14 de julio<\/u>, a partir de las 23:00h, en el <strong><u>Gruta77<\/u><\/strong> (<a href=\"https:\/\/www.google.es\/maps\/place\/Calle+Cuclillo,+6,+28019+Madrid\/@40.3909509,-3.7335832,17z\/data=!3m1!4b1!4m5!3m4!1s0xd422792daa461c5:0xf79cef0e502015a0!8m2!3d40.3909468!4d-3.7313945\">C\/Cuclillo,6<\/a>), tenemos la oportunidad de disfrutar de un concierto solidario en favor de <strong>ASFEMA<\/strong>, donde tocaran las siguientes bandas:<\/p>\n<ul>\n<li><strong>La otra banda <\/strong><\/li>\n<li><strong>Os tubaroes<\/strong><\/li>\n<\/ul>\n<p><a href=\"https:\/\/asfema.org\/blog\/wp-content\/uploads\/2018\/07\/IMG-20180708-WA0000.jpg\"><img decoding=\"async\" loading=\"lazy\" class=\"aligncenter wp-image-3912 size-large\" src=\"https:\/\/asfema.org\/blog\/wp-content\/uploads\/2018\/07\/IMG-20180708-WA0000-1200x675.jpg\" alt=\"\" width=\"1200\" height=\"675\" \/><\/a><\/p>\n<p>Necesitamos m\u00e1xima difusi\u00f3n, y esperamos vuestra asistencia, ya que con el pretendemos sufragar parte de los gastos del campamento para j\u00f3venes metab\u00f3licos, y es que como sab\u00e9is, ha sido anulado el que organiza la Federaci\u00f3n Espa\u00f1ola de Enfermedades Metab\u00f3licas Hereditarias (<strong>FEEMH<\/strong>), y estamos tratando de evitar que nuestros metab\u00f3licos se lo pierdan, organiz\u00e1ndolo desde las asociaciones.<\/p>\n<p>Si por cualquier motivo, no puedes asistir al concierto, pero quieres colaborar con <strong>ASFEMA<\/strong> desde la Fila Cero, puedes hacer una donaci\u00f3n en el siguiente n\u00famero de cuenta:<\/p>\n<p><strong>ING DIRECT 1465 0100 9519 0023 1595<\/strong><\/p>\n<p>Os esperamos!!!!!<\/p>\n<p>&nbsp;<\/p>\n","protected":false},"excerpt":{"rendered":"<p>El pr\u00f3ximo 14 de julio, a partir de las 23:00h, en el Gruta77 (C\/Cuclillo,6), tenemos la oportunidad de disfrutar de un concierto solidario en favor de ASFEMA, donde tocaran las siguientes bandas: La otra banda Os tubaroes Necesitamos m\u00e1xima difusi\u00f3n, y esperamos vuestra asistencia, ya que con el pretendemos sufragar parte de los gastos del &hellip;<\/p>\n<p class=\"read-more\"> <a class=\"\" href=\"https:\/\/asfema.org\/blog\/index.php\/concierto-solidario-en-favor-de-asfema\/\"> <span class=\"screen-reader-text\">Concierto solidario en favor de ASFEMA<\/span> Read More &raquo;<\/a><\/p>\n","protected":false},"author":11,"featured_media":3912,"comment_status":"open","ping_status":"open","sticky":false,"template":"","format":"standard","meta":{"site-sidebar-layout":"default","site-content-layout":"default","ast-global-header-display":"","ast-banner-title-visibility":"","ast-main-header-display":"","ast-hfb-above-header-display":"","ast-hfb-below-header-display":"","ast-hfb-mobile-header-display":"","site-post-title":"","ast-breadcrumbs-content":"","ast-featured-img":"","footer-sml-layout":"","theme-transparent-header-meta":"","adv-header-id-meta":"","stick-header-meta":"","header-above-stick-meta":"","header-main-stick-meta":"","header-below-stick-meta":"","footnotes":""},"categories":[31,332,73,5],"tags":[59,361,416,120,417],"acf":[],"_links":{"self":[{"href":"https:\/\/asfema.org\/blog\/index.php\/wp-json\/wp\/v2\/posts\/3911"}],"collection":[{"href":"https:\/\/asfema.org\/blog\/index.php\/wp-json\/wp\/v2\/posts"}],"about":[{"href":"https:\/\/asfema.org\/blog\/index.php\/wp-json\/wp\/v2\/types\/post"}],"author":[{"embeddable":true,"href":"https:\/\/asfema.org\/blog\/index.php\/wp-json\/wp\/v2\/users\/11"}],"replies":[{"embeddable":true,"href":"https:\/\/asfema.org\/blog\/index.php\/wp-json\/wp\/v2\/comments?post=3911"}],"version-history":[{"count":2,"href":"https:\/\/asfema.org\/blog\/index.php\/wp-json\/wp\/v2\/posts\/3911\/revisions"}],"predecessor-version":[{"id":3916,"href":"https:\/\/asfema.org\/blog\/index.php\/wp-json\/wp\/v2\/posts\/3911\/revisions\/3916"}],"wp:featuredmedia":[{"embeddable":true,"href":"https:\/\/asfema.org\/blog\/index.php\/wp-json\/wp\/v2\/media\/3912"}],"wp:attachment":[{"href":"https:\/\/asfema.org\/blog\/index.php\/wp-json\/wp\/v2\/media?parent=3911"}],"wp:term":[{"taxonomy":"category","embeddable":true,"href":"https:\/\/asfema.org\/blog\/index.php\/wp-json\/wp\/v2\/categories?post=3911"},{"taxonomy":"post_tag","embeddable":true,"href":"https:\/\/asfema.org\/blog\/index.php\/wp-json\/wp\/v2\/tags?post=3911"}],"curies":[{"name":"wp","href":"https:\/\/api.w.org\/{rel}","templated":true}]}}