{"id":3918,"date":"2018-07-30T08:56:21","date_gmt":"2018-07-30T08:56:21","guid":{"rendered":"https:\/\/asfema.org\/blog\/?p=3918"},"modified":"2023-02-12T13:18:43","modified_gmt":"2023-02-12T13:18:43","slug":"convocatoria-premio-reina-letizia-2018-de-cultura-inclusiva","status":"publish","type":"post","link":"https:\/\/asfema.org\/blog\/index.php\/convocatoria-premio-reina-letizia-2018-de-cultura-inclusiva\/","title":{"rendered":"Convocatoria Premio Reina Letizia 2018 de Cultura Inclusiva"},"content":{"rendered":"<p class=\"m_-5993107536510573639ydp47f8a478yiv8189704225MsoNormal\">Se ha publicado en el BOE Extracto de la resoluci\u00f3n de 28 de junio de 2018, del Real Patronato sobre Discapacidad, por la que se convoca la concesi\u00f3n del Premio Reina Letizia 2018 de Cultura Inclusiva.<\/p>\n<p class=\"m_-5993107536510573639ydp47f8a478yiv8189704225MsoNormal\">Este Premio, cuya primera edici\u00f3n se inici\u00f3 en 2015 y \u00a0se consolid\u00f3 en 2017 tiene una excelente acogida con m\u00e1s de 70 candidaturas presentadas en cada una de las convocatorias, todas ellas con una calidad sobresaliente. Su finalidad es reconocer aquella creaci\u00f3n o interpretaci\u00f3n art\u00edstica (en el \u00e1mbito de las letras, las artes pl\u00e1sticas, la m\u00fasica, las artes esc\u00e9nicas, las actividades cinematogr\u00e1ficas y audiovisuales, nuevas formas culturales, etc.) que mejor exprese o encarne art\u00edsticamente los valores de la diversidad humana que supone la discapacidad.<\/p>\n<p>El plazo de presentaci\u00f3n de candidaturas (personas f\u00edsicas o jur\u00eddicas de nacionalidad espa\u00f1ola, tanto de forma individual como conjunta o con trabajos de equipo) al Premio Reina Letizia 2018 de Cultura Inclusiva\u00a0 concluir\u00e1 el pr\u00f3ximo 18 de septiembre y en la modalidad de creaci\u00f3n art\u00edstica, tiene una dotaci\u00f3n econ\u00f3mica de 10.000 euros, que ser\u00e1 financiada \u00edntegramente por la Fundaci\u00f3n ONCE. Las candidaturas al galard\u00f3n deben ser dirigidas a la Secretar\u00eda General del Real Patronato sobre Discapacidad:<\/p>\n<p style=\"text-align: center;\">C\/Serrano, 140, 28006 MADRID<br \/>\nTlf.: 91 745 18 85<br \/>\nFax: 91 745 11 91<br \/>\n<a class=\"mailto\" href=\"mailto:rpdprogramas@msssi.es\">rpdprogramas@msssi.es<\/a><\/p>\n<p>Si quereis m\u00e1s informaci\u00f3n para optar a este reconocimiento, os dejamos los siguientes links:<\/p>\n<ul>\n<li><a href=\"https:\/\/www.cedd.net\/es\/actualidad\/noticias\/convocado-el-premio-reina-letizia-2018-de-cultura-inclusiva\/0-361\/\" target=\"_blank\" rel=\"noopener\">Web Real Patronato sobre discapacidad<\/a><\/li>\n<li><a href=\"https:\/\/asfema.org\/blog\/wp-content\/uploads\/2018\/07\/CULTURA-INCLUSIVA-2018.pdf\">Cultura inclusiva 2018<\/a><\/li>\n<li><a href=\"https:\/\/asfema.org\/blog\/wp-content\/uploads\/2018\/07\/BOE-B-2018-38755.pdf\">BOE-B-2018-38755<\/a><\/li>\n<\/ul>\n<p>&nbsp;<\/p>\n","protected":false},"excerpt":{"rendered":"<p>Se ha publicado en el BOE Extracto de la resoluci\u00f3n de 28 de junio de 2018, del Real Patronato sobre Discapacidad, por la que se convoca la concesi\u00f3n del Premio Reina Letizia 2018 de Cultura Inclusiva. Este Premio, cuya primera edici\u00f3n se inici\u00f3 en 2015 y \u00a0se consolid\u00f3 en 2017 tiene una excelente acogida con &hellip;<\/p>\n<p class=\"read-more\"> <a class=\"\" href=\"https:\/\/asfema.org\/blog\/index.php\/convocatoria-premio-reina-letizia-2018-de-cultura-inclusiva\/\"> <span class=\"screen-reader-text\">Convocatoria Premio Reina Letizia 2018 de Cultura Inclusiva<\/span> Read More &raquo;<\/a><\/p>\n","protected":false},"author":11,"featured_media":3919,"comment_status":"open","ping_status":"open","sticky":false,"template":"","format":"standard","meta":{"site-sidebar-layout":"default","site-content-layout":"default","ast-global-header-display":"","ast-banner-title-visibility":"","ast-main-header-display":"","ast-hfb-above-header-display":"","ast-hfb-below-header-display":"","ast-hfb-mobile-header-display":"","site-post-title":"","ast-breadcrumbs-content":"","ast-featured-img":"","footer-sml-layout":"","theme-transparent-header-meta":"","adv-header-id-meta":"","stick-header-meta":"","header-above-stick-meta":"","header-main-stick-meta":"","header-below-stick-meta":"","footnotes":""},"categories":[332],"tags":[418,271],"acf":[],"_links":{"self":[{"href":"https:\/\/asfema.org\/blog\/index.php\/wp-json\/wp\/v2\/posts\/3918"}],"collection":[{"href":"https:\/\/asfema.org\/blog\/index.php\/wp-json\/wp\/v2\/posts"}],"about":[{"href":"https:\/\/asfema.org\/blog\/index.php\/wp-json\/wp\/v2\/types\/post"}],"author":[{"embeddable":true,"href":"https:\/\/asfema.org\/blog\/index.php\/wp-json\/wp\/v2\/users\/11"}],"replies":[{"embeddable":true,"href":"https:\/\/asfema.org\/blog\/index.php\/wp-json\/wp\/v2\/comments?post=3918"}],"version-history":[{"count":2,"href":"https:\/\/asfema.org\/blog\/index.php\/wp-json\/wp\/v2\/posts\/3918\/revisions"}],"predecessor-version":[{"id":3923,"href":"https:\/\/asfema.org\/blog\/index.php\/wp-json\/wp\/v2\/posts\/3918\/revisions\/3923"}],"wp:featuredmedia":[{"embeddable":true,"href":"https:\/\/asfema.org\/blog\/index.php\/wp-json\/wp\/v2\/media\/3919"}],"wp:attachment":[{"href":"https:\/\/asfema.org\/blog\/index.php\/wp-json\/wp\/v2\/media?parent=3918"}],"wp:term":[{"taxonomy":"category","embeddable":true,"href":"https:\/\/asfema.org\/blog\/index.php\/wp-json\/wp\/v2\/categories?post=3918"},{"taxonomy":"post_tag","embeddable":true,"href":"https:\/\/asfema.org\/blog\/index.php\/wp-json\/wp\/v2\/tags?post=3918"}],"curies":[{"name":"wp","href":"https:\/\/api.w.org\/{rel}","templated":true}]}}