{"id":4005,"date":"2018-10-24T08:13:47","date_gmt":"2018-10-24T08:13:47","guid":{"rendered":"https:\/\/asfema.org\/blog\/?p=4005"},"modified":"2018-10-24T08:13:47","modified_gmt":"2018-10-24T08:13:47","slug":"estudio-sobre-desarrollo-neuroognitivo-en-pacientes-menores-con-pku","status":"publish","type":"post","link":"https:\/\/asfema.org\/blog\/index.php\/estudio-sobre-desarrollo-neuroognitivo-en-pacientes-menores-con-pku\/","title":{"rendered":"Estudio sobre desarrollo neuroognitivo en pacientes menores con PKU"},"content":{"rendered":"<p>Los pr\u00f3ximos d\u00edas 5 &#8211; 10 de noviembre en las instalaciones de la fundaci\u00f3n ONCE de Madrid tendr\u00e1 lugar el estudio del desarrollo neurocognitivos de pacientes menores con PKU realizado por la Universidad de Deusto. Si todav\u00eda no te has apuntado y te gustar\u00eda ser parte del estudio, manda un mail a <a href=\"mailto:estherlazaro@deusto.es\">estherlazaro@deusto.es<\/a><\/p>\n<p>El estudio se realizar\u00e1 en pacientes de entre <strong>6 y 18 a\u00f1os de edad, y <\/strong>se desarrollar\u00e1 por las tardes de lunes a jueves y el s\u00e1bado en horario de ma\u00f1ana.<\/p>\n<p>M\u00e1s informaci\u00f3n sobre la investigaci\u00f3n en:\u00a0<a href=\"https:\/\/metabolicos.es\/2018\/09\/proyecto-de-investigacion-de-la-universidad-de-deusto-en-pacientes-menores-con-pku\/\">https:\/\/metabolicos.es\/2018\/09\/proyecto-de-investigacion-de-la-universidad-de-deusto-en-pacientes-menores-con-pku\/<\/a><\/p>\n<p>Os animamos a ser parte del proyecto de investigaci\u00f3n.<\/p>\n<p>&nbsp;<\/p>\n","protected":false},"excerpt":{"rendered":"<p>Los pr\u00f3ximos d\u00edas 5 &#8211; 10 de noviembre en las instalaciones de la fundaci\u00f3n ONCE de Madrid tendr\u00e1 lugar el estudio del desarrollo neurocognitivos de pacientes menores con PKU realizado por la Universidad de Deusto. Si todav\u00eda no te has apuntado y te gustar\u00eda ser parte del estudio, manda un mail a estherlazaro@deusto.es El estudio &hellip;<\/p>\n<p class=\"read-more\"> <a class=\"\" href=\"https:\/\/asfema.org\/blog\/index.php\/estudio-sobre-desarrollo-neuroognitivo-en-pacientes-menores-con-pku\/\"> <span class=\"screen-reader-text\">Estudio sobre desarrollo neuroognitivo en pacientes menores con PKU<\/span> Read More &raquo;<\/a><\/p>\n","protected":false},"author":11,"featured_media":147,"comment_status":"open","ping_status":"open","sticky":false,"template":"","format":"standard","meta":{"site-sidebar-layout":"default","site-content-layout":"default","ast-global-header-display":"","ast-banner-title-visibility":"","ast-main-header-display":"","ast-hfb-above-header-display":"","ast-hfb-below-header-display":"","ast-hfb-mobile-header-display":"","site-post-title":"","ast-breadcrumbs-content":"","ast-featured-img":"","footer-sml-layout":"","theme-transparent-header-meta":"","adv-header-id-meta":"","stick-header-meta":"","header-above-stick-meta":"","header-main-stick-meta":"","header-below-stick-meta":"","footnotes":""},"categories":[332,5,4],"tags":[432,14,135],"acf":[],"_links":{"self":[{"href":"https:\/\/asfema.org\/blog\/index.php\/wp-json\/wp\/v2\/posts\/4005"}],"collection":[{"href":"https:\/\/asfema.org\/blog\/index.php\/wp-json\/wp\/v2\/posts"}],"about":[{"href":"https:\/\/asfema.org\/blog\/index.php\/wp-json\/wp\/v2\/types\/post"}],"author":[{"embeddable":true,"href":"https:\/\/asfema.org\/blog\/index.php\/wp-json\/wp\/v2\/users\/11"}],"replies":[{"embeddable":true,"href":"https:\/\/asfema.org\/blog\/index.php\/wp-json\/wp\/v2\/comments?post=4005"}],"version-history":[{"count":1,"href":"https:\/\/asfema.org\/blog\/index.php\/wp-json\/wp\/v2\/posts\/4005\/revisions"}],"predecessor-version":[{"id":4006,"href":"https:\/\/asfema.org\/blog\/index.php\/wp-json\/wp\/v2\/posts\/4005\/revisions\/4006"}],"wp:featuredmedia":[{"embeddable":true,"href":"https:\/\/asfema.org\/blog\/index.php\/wp-json\/wp\/v2\/media\/147"}],"wp:attachment":[{"href":"https:\/\/asfema.org\/blog\/index.php\/wp-json\/wp\/v2\/media?parent=4005"}],"wp:term":[{"taxonomy":"category","embeddable":true,"href":"https:\/\/asfema.org\/blog\/index.php\/wp-json\/wp\/v2\/categories?post=4005"},{"taxonomy":"post_tag","embeddable":true,"href":"https:\/\/asfema.org\/blog\/index.php\/wp-json\/wp\/v2\/tags?post=4005"}],"curies":[{"name":"wp","href":"https:\/\/api.w.org\/{rel}","templated":true}]}}