{"id":4007,"date":"2018-10-24T08:33:49","date_gmt":"2018-10-24T08:33:49","guid":{"rendered":"https:\/\/asfema.org\/blog\/?p=4007"},"modified":"2018-10-24T08:35:38","modified_gmt":"2018-10-24T08:35:38","slug":"comida-solidaria-navas-del-rey","status":"publish","type":"post","link":"https:\/\/asfema.org\/blog\/index.php\/comida-solidaria-navas-del-rey\/","title":{"rendered":"Comida Solidaria Navas del Rey"},"content":{"rendered":"<p>El pr\u00f3ximo s\u00e1bado 17 de noviembre, se celebrar\u00e1 una<strong> comida solidaria <\/strong>en <a href=\"http:\/\/www.navasdelrey.es\/\"><strong>Navas del Rey<\/strong><\/a> donde, al igual que en los \u00faltimos a\u00f1os,\u00a0todo lo recaudado ir\u00e1 destinado \u00edntegramente a <strong>ASFEMA<\/strong>.<\/p>\n<p>Nuestro sincero agradecimiento al ayuntamiento de <strong>Navas del Rey<\/strong> y a todos sus vecinos por este gesto solidario, que nos permitir\u00e1 como en las \u00faltimas ocasiones, disfrutar de una divertida jornada, y de un<strong> <u>estupendo cocido<\/u><\/strong>.<\/p>\n<p>Este evento no ser\u00eda posible, sin la desinteresada colaboraci\u00f3n de la <strong>Asociaci\u00f3n de mujeres, la Asociaci\u00f3n de la 3\u00aa edad, y la Garbancera Madrile\u00f1a,<\/strong> entre otros.<\/p>\n<p>El evento tendr\u00e1 lugar en la <strong>Plaza de Espa\u00f1a<\/strong>, a las <strong>14:00h<\/strong>, por un m\u00f3dico donativo de <strong>6 euros<\/strong>, y esperamos superar la asistencia del a\u00f1o pasado, as\u00ed que \u00a1\u00a1\u00a1Os esperamos a todos!!!<\/p>\n<p><a href=\"https:\/\/asfema.org\/blog\/wp-content\/uploads\/2018\/10\/Navas-del-Rey.jpg\"><img decoding=\"async\" loading=\"lazy\" class=\"wp-image-4008 aligncenter\" src=\"https:\/\/asfema.org\/blog\/wp-content\/uploads\/2018\/10\/Navas-del-Rey.jpg\" alt=\"\" width=\"365\" height=\"516\" \/><\/a><\/p>\n<p>&nbsp;<\/p>\n","protected":false},"excerpt":{"rendered":"<p>El pr\u00f3ximo s\u00e1bado 17 de noviembre, se celebrar\u00e1 una comida solidaria en Navas del Rey donde, al igual que en los \u00faltimos a\u00f1os,\u00a0todo lo recaudado ir\u00e1 destinado \u00edntegramente a ASFEMA. Nuestro sincero agradecimiento al ayuntamiento de Navas del Rey y a todos sus vecinos por este gesto solidario, que nos permitir\u00e1 como en las \u00faltimas &hellip;<\/p>\n<p class=\"read-more\"> <a class=\"\" href=\"https:\/\/asfema.org\/blog\/index.php\/comida-solidaria-navas-del-rey\/\"> <span class=\"screen-reader-text\">Comida Solidaria Navas del Rey<\/span> Read More &raquo;<\/a><\/p>\n","protected":false},"author":11,"featured_media":4008,"comment_status":"open","ping_status":"open","sticky":false,"template":"","format":"standard","meta":{"site-sidebar-layout":"default","site-content-layout":"default","ast-global-header-display":"","ast-banner-title-visibility":"","ast-main-header-display":"","ast-hfb-above-header-display":"","ast-hfb-below-header-display":"","ast-hfb-mobile-header-display":"","site-post-title":"","ast-breadcrumbs-content":"","ast-featured-img":"","footer-sml-layout":"","theme-transparent-header-meta":"","adv-header-id-meta":"","stick-header-meta":"","header-above-stick-meta":"","header-main-stick-meta":"","header-below-stick-meta":"","footnotes":""},"categories":[31,332],"tags":[59,434,160,433,247],"acf":[],"_links":{"self":[{"href":"https:\/\/asfema.org\/blog\/index.php\/wp-json\/wp\/v2\/posts\/4007"}],"collection":[{"href":"https:\/\/asfema.org\/blog\/index.php\/wp-json\/wp\/v2\/posts"}],"about":[{"href":"https:\/\/asfema.org\/blog\/index.php\/wp-json\/wp\/v2\/types\/post"}],"author":[{"embeddable":true,"href":"https:\/\/asfema.org\/blog\/index.php\/wp-json\/wp\/v2\/users\/11"}],"replies":[{"embeddable":true,"href":"https:\/\/asfema.org\/blog\/index.php\/wp-json\/wp\/v2\/comments?post=4007"}],"version-history":[{"count":2,"href":"https:\/\/asfema.org\/blog\/index.php\/wp-json\/wp\/v2\/posts\/4007\/revisions"}],"predecessor-version":[{"id":4010,"href":"https:\/\/asfema.org\/blog\/index.php\/wp-json\/wp\/v2\/posts\/4007\/revisions\/4010"}],"wp:featuredmedia":[{"embeddable":true,"href":"https:\/\/asfema.org\/blog\/index.php\/wp-json\/wp\/v2\/media\/4008"}],"wp:attachment":[{"href":"https:\/\/asfema.org\/blog\/index.php\/wp-json\/wp\/v2\/media?parent=4007"}],"wp:term":[{"taxonomy":"category","embeddable":true,"href":"https:\/\/asfema.org\/blog\/index.php\/wp-json\/wp\/v2\/categories?post=4007"},{"taxonomy":"post_tag","embeddable":true,"href":"https:\/\/asfema.org\/blog\/index.php\/wp-json\/wp\/v2\/tags?post=4007"}],"curies":[{"name":"wp","href":"https:\/\/api.w.org\/{rel}","templated":true}]}}