{"id":4137,"date":"2019-01-23T12:48:34","date_gmt":"2019-01-23T12:48:34","guid":{"rendered":"https:\/\/asfema.org\/blog\/?p=4137"},"modified":"2019-02-11T08:40:50","modified_gmt":"2019-02-11T08:40:50","slug":"visita-laboratorio-cedem","status":"publish","type":"post","link":"https:\/\/asfema.org\/blog\/index.php\/visita-laboratorio-cedem\/","title":{"rendered":"Visita laboratorio CEDEM"},"content":{"rendered":"<p><a href=\"https:\/\/asfema.org\/blog\/wp-content\/uploads\/2018\/03\/Logo-ASFEMA_3.jpg\"><img decoding=\"async\" loading=\"lazy\" class=\"wp-image-3701 aligncenter\" src=\"https:\/\/asfema.org\/blog\/wp-content\/uploads\/2018\/03\/Logo-ASFEMA_3.jpg\" alt=\"\" width=\"778\" height=\"162\" srcset=\"https:\/\/asfema.org\/blog\/wp-content\/uploads\/2018\/03\/Logo-ASFEMA_3.jpg 960w, https:\/\/asfema.org\/blog\/wp-content\/uploads\/2018\/03\/Logo-ASFEMA_3-768x160.jpg 768w\" sizes=\"(max-width: 778px) 100vw, 778px\" \/><\/a><\/p>\n<p>Estamos organizando una visita al <strong>CEDEM<\/strong> (<span class=\"CEDEM\">Centro de Diagn\u00f3stico de Enfermedades Moleculares<\/span>) que puede resultar muy interesante para todos nuestros socios, y nos permitir\u00e1 conocer\u00a0 tanto sus instalaciones, asi como algunos de sus profesionales, los trabajos que realizan, las maquinas que utilizan para los diagnosticos, etc&#8230;<\/p>\n<p>La visita est\u00e1 programada para el <strong>s\u00e1bado 2 de Febrero de 2019 de 11:00h a 13:00h<\/strong>, coincidiendo con d\u00eda de apertura del local, para luego los que quieran, quedar a comer y\/o acudir al local.<\/p>\n<p>El n\u00famero de asistentes est\u00e1 <strong>limitado a 20 personas<\/strong>, incluyendo ni\u00f1os, por lo que se seguir\u00e1 el proceso de inscripci\u00f3n hasta cubrir esas plazas.<\/p>\n<p>El <strong>CEDEM<\/strong> se encuentra en la Facultad de Ciencias, Universidad Aut\u00f3noma de Madrid,\u00a0 Calle Francisco Tom\u00e1s y Valiente, 7, 28049 Madrid: <a href=\"https:\/\/www.google.es\/maps\/place\/CEDEM\/@40.5453165,-3.6980825,17.04z\/data=!4m5!3m4!1s0x0:0xab5c0572d816098a!8m2!3d40.5454384!4d-3.6952722\"><strong>VER MAPA<\/strong><\/a><\/p>\n<p>Os invitamos a que os apunt\u00e9is cumplimentando el siguiente formulario:<\/p>\n<blockquote><p><span style=\"color: #ff0000;\">CERRADA LA INSCRIPCION, AL QUEDAR CUBIERTAS TODAS LAS PLAZAS. SE ORGANIZAR\u00c1 OTRA VISITA PARA LOS QUE HAYAN QUEDADO FUERA EN LISTA DE ESPERA.<br \/>\n<\/span><\/p><\/blockquote>\n<h1 style=\"text-align: center;\"><strong><u>ACTUALIZACI\u00d3N<\/u><\/strong><\/h1>\n<p>Se confirma la asistencia a la visita del laboratorio del <strong>CEDEM<\/strong>, el s\u00e1bado d\u00eda <strong>2 de febrero de 2019<\/strong> a las <strong>11:00h<\/strong> para los siguientes socios:<\/p>\n<h3 style=\"text-align: center;\"><span style=\"color: #0000ff;\"><strong>126, 137, 192, 43<span style=\"color: #ff0000;\">*<\/span>, 171, 13, 139, 204, 4 <\/strong><\/span><\/h3>\n<h3 style=\"text-align: center;\"><span style=\"color: #ff0000;\">(* el socio n\u00famero 90 no pudo asistir, cambio su plaza y turno al n\u00famero 43)<\/span><\/h3>\n<ul>\n<li>Se ruega que, si alguno de ellos no pudiese asistir, lo comunique lo antes posible ya que disponemos de lista de espera.<\/li>\n<li>Se recomienda estar un poco antes, sobre las 10.45 para encontrarnos antes de la visita.<\/li>\n<li>Si alguien tiene alg\u00fan problema para poder desplazarse nos lo comunique para intentar buscar alternativas.<\/li>\n<li>Debido a la cantidad de solicitudes, se har\u00e1 otra visita pr\u00f3ximamente, una vez el laboratorio nos confirme disponibilidad. Los socios que han quedado en lista de espera (por orden de inscripci\u00f3n) y por lo tanto los primeros ya inscritos para la segunda visita, o si se producen bajas en la primera, son los socios n\u00famero:<\/li>\n<\/ul>\n<h3 style=\"text-align: center;\"><strong><span style=\"color: #0000ff;\">5, 90<span style=\"color: #ff0000;\">*<\/span>, 10, 96, 8, 72 y 128.<\/span><\/strong><\/h3>\n<p>&nbsp;<\/p>\n","protected":false},"excerpt":{"rendered":"<p>Estamos organizando una visita al CEDEM (Centro de Diagn\u00f3stico de Enfermedades Moleculares) que puede resultar muy interesante para todos nuestros socios, y nos permitir\u00e1 conocer\u00a0 tanto sus instalaciones, asi como algunos de sus profesionales, los trabajos que realizan, las maquinas que utilizan para los diagnosticos, etc&#8230; La visita est\u00e1 programada para el s\u00e1bado 2 de &hellip;<\/p>\n<p class=\"read-more\"> <a class=\"\" href=\"https:\/\/asfema.org\/blog\/index.php\/visita-laboratorio-cedem\/\"> <span class=\"screen-reader-text\">Visita laboratorio CEDEM<\/span> Read More &raquo;<\/a><\/p>\n","protected":false},"author":11,"featured_media":147,"comment_status":"open","ping_status":"open","sticky":false,"template":"","format":"standard","meta":{"site-sidebar-layout":"default","site-content-layout":"default","ast-global-header-display":"","ast-banner-title-visibility":"","ast-main-header-display":"","ast-hfb-above-header-display":"","ast-hfb-below-header-display":"","ast-hfb-mobile-header-display":"","site-post-title":"","ast-breadcrumbs-content":"","ast-featured-img":"","footer-sml-layout":"","theme-transparent-header-meta":"","adv-header-id-meta":"","stick-header-meta":"","header-above-stick-meta":"","header-main-stick-meta":"","header-below-stick-meta":"","footnotes":""},"categories":[31,328],"tags":[447,42,448],"acf":[],"_links":{"self":[{"href":"https:\/\/asfema.org\/blog\/index.php\/wp-json\/wp\/v2\/posts\/4137"}],"collection":[{"href":"https:\/\/asfema.org\/blog\/index.php\/wp-json\/wp\/v2\/posts"}],"about":[{"href":"https:\/\/asfema.org\/blog\/index.php\/wp-json\/wp\/v2\/types\/post"}],"author":[{"embeddable":true,"href":"https:\/\/asfema.org\/blog\/index.php\/wp-json\/wp\/v2\/users\/11"}],"replies":[{"embeddable":true,"href":"https:\/\/asfema.org\/blog\/index.php\/wp-json\/wp\/v2\/comments?post=4137"}],"version-history":[{"count":8,"href":"https:\/\/asfema.org\/blog\/index.php\/wp-json\/wp\/v2\/posts\/4137\/revisions"}],"predecessor-version":[{"id":4181,"href":"https:\/\/asfema.org\/blog\/index.php\/wp-json\/wp\/v2\/posts\/4137\/revisions\/4181"}],"wp:featuredmedia":[{"embeddable":true,"href":"https:\/\/asfema.org\/blog\/index.php\/wp-json\/wp\/v2\/media\/147"}],"wp:attachment":[{"href":"https:\/\/asfema.org\/blog\/index.php\/wp-json\/wp\/v2\/media?parent=4137"}],"wp:term":[{"taxonomy":"category","embeddable":true,"href":"https:\/\/asfema.org\/blog\/index.php\/wp-json\/wp\/v2\/categories?post=4137"},{"taxonomy":"post_tag","embeddable":true,"href":"https:\/\/asfema.org\/blog\/index.php\/wp-json\/wp\/v2\/tags?post=4137"}],"curies":[{"name":"wp","href":"https:\/\/api.w.org\/{rel}","templated":true}]}}