{"id":415,"date":"2012-06-05T07:52:32","date_gmt":"2012-06-05T07:52:32","guid":{"rendered":"https:\/\/asfema.org\/blog\/?p=415"},"modified":"2017-05-14T08:53:49","modified_gmt":"2017-05-14T08:53:49","slug":"evento-iv-jornadas-acmeim-ramon-y-cajal","status":"publish","type":"post","link":"https:\/\/asfema.org\/blog\/index.php\/evento-iv-jornadas-acmeim-ramon-y-cajal\/","title":{"rendered":"Evento. IV JORNADAS ACMEIM RAMON Y CAJAL"},"content":{"rendered":"<p>El <strong>s\u00e1bado 23 de Junio<\/strong>, ACMEIM organiza unas jornadas para padres sobre Enfermedades Raras en el <strong>Sal\u00f3n de Actos del Hospital Ram\u00f3n y Cajal en Madrid<\/strong>.<\/p>\n<p>Una de las ponentes ser\u00e1 la <strong>Dra. Amaya Belanger<\/strong>. El programa de la jornada lo ten\u00e9is aqu\u00ed (clic para ver m\u00e1s grande):<\/p>\n<figure id=\"attachment_424\" aria-describedby=\"caption-attachment-424\" style=\"width: 300px\" class=\"wp-caption aligncenter\"><a href=\"https:\/\/asfema.org\/blog\/wp-content\/uploads\/2012\/06\/jornadas_acmeim.jpg\"><img decoding=\"async\" loading=\"lazy\" class=\"size-medium wp-image-424\" title=\"jornadas_acmeim\" src=\"https:\/\/asfema.org\/blog\/wp-content\/uploads\/2012\/06\/jornadas_acmeim-300x206.jpg\" alt=\"\" width=\"300\" height=\"206\" srcset=\"https:\/\/asfema.org\/blog\/wp-content\/uploads\/2012\/06\/jornadas_acmeim-300x206.jpg 300w, https:\/\/asfema.org\/blog\/wp-content\/uploads\/2012\/06\/jornadas_acmeim-768x530.jpg 768w, https:\/\/asfema.org\/blog\/wp-content\/uploads\/2012\/06\/jornadas_acmeim.jpg 960w\" sizes=\"(max-width: 300px) 100vw, 300px\" \/><\/a><figcaption id=\"caption-attachment-424\" class=\"wp-caption-text\">Programa de las Jornadas<\/figcaption><\/figure>\n<p>M\u00e1s informaci\u00f3n:\u00a0<a style=\"text-align: center;\" href=\"http:\/\/www.portalmetabolico.org\/noticias\/iv-jornadas-acmeim-ramon-y-cajal.html\" target=\"_blank\" rel=\"noopener noreferrer\">IV JORNADAS ACMEIM RAMON Y CAJAL. | Portal Metab\u00f3lico &#8211; Noticias<\/a><span style=\"text-align: center;\">.<\/span><\/p>\n","protected":false},"excerpt":{"rendered":"<p>El s\u00e1bado 23 de Junio, ACMEIM organiza unas jornadas para padres sobre Enfermedades Raras en el Sal\u00f3n de Actos del Hospital Ram\u00f3n y Cajal en Madrid. Una de las ponentes ser\u00e1 la Dra. Amaya Belanger. El programa de la jornada lo ten\u00e9is aqu\u00ed (clic para ver m\u00e1s grande): M\u00e1s informaci\u00f3n:\u00a0IV JORNADAS ACMEIM RAMON Y CAJAL. &hellip;<\/p>\n<p class=\"read-more\"> <a class=\"\" href=\"https:\/\/asfema.org\/blog\/index.php\/evento-iv-jornadas-acmeim-ramon-y-cajal\/\"> <span class=\"screen-reader-text\">Evento. IV JORNADAS ACMEIM RAMON Y CAJAL<\/span> Read More &raquo;<\/a><\/p>\n","protected":false},"author":1,"featured_media":424,"comment_status":"open","ping_status":"open","sticky":false,"template":"","format":"standard","meta":{"site-sidebar-layout":"default","site-content-layout":"default","ast-global-header-display":"","ast-banner-title-visibility":"","ast-main-header-display":"","ast-hfb-above-header-display":"","ast-hfb-below-header-display":"","ast-hfb-mobile-header-display":"","site-post-title":"","ast-breadcrumbs-content":"","ast-featured-img":"","footer-sml-layout":"","theme-transparent-header-meta":"","adv-header-id-meta":"","stick-header-meta":"","header-above-stick-meta":"","header-main-stick-meta":"","header-below-stick-meta":"","footnotes":""},"categories":[31],"tags":[33,26,14],"acf":[],"_links":{"self":[{"href":"https:\/\/asfema.org\/blog\/index.php\/wp-json\/wp\/v2\/posts\/415"}],"collection":[{"href":"https:\/\/asfema.org\/blog\/index.php\/wp-json\/wp\/v2\/posts"}],"about":[{"href":"https:\/\/asfema.org\/blog\/index.php\/wp-json\/wp\/v2\/types\/post"}],"author":[{"embeddable":true,"href":"https:\/\/asfema.org\/blog\/index.php\/wp-json\/wp\/v2\/users\/1"}],"replies":[{"embeddable":true,"href":"https:\/\/asfema.org\/blog\/index.php\/wp-json\/wp\/v2\/comments?post=415"}],"version-history":[{"count":1,"href":"https:\/\/asfema.org\/blog\/index.php\/wp-json\/wp\/v2\/posts\/415\/revisions"}],"predecessor-version":[{"id":3106,"href":"https:\/\/asfema.org\/blog\/index.php\/wp-json\/wp\/v2\/posts\/415\/revisions\/3106"}],"wp:featuredmedia":[{"embeddable":true,"href":"https:\/\/asfema.org\/blog\/index.php\/wp-json\/wp\/v2\/media\/424"}],"wp:attachment":[{"href":"https:\/\/asfema.org\/blog\/index.php\/wp-json\/wp\/v2\/media?parent=415"}],"wp:term":[{"taxonomy":"category","embeddable":true,"href":"https:\/\/asfema.org\/blog\/index.php\/wp-json\/wp\/v2\/categories?post=415"},{"taxonomy":"post_tag","embeddable":true,"href":"https:\/\/asfema.org\/blog\/index.php\/wp-json\/wp\/v2\/tags?post=415"}],"curies":[{"name":"wp","href":"https:\/\/api.w.org\/{rel}","templated":true}]}}