{"id":4184,"date":"2019-02-11T09:07:04","date_gmt":"2019-02-11T09:07:04","guid":{"rendered":"https:\/\/asfema.org\/blog\/?p=4184"},"modified":"2019-02-12T09:26:48","modified_gmt":"2019-02-12T09:26:48","slug":"vii-ciclomarcha-mtb-por-las-enfermedades-raras-metabolica","status":"publish","type":"post","link":"https:\/\/asfema.org\/blog\/index.php\/vii-ciclomarcha-mtb-por-las-enfermedades-raras-metabolica\/","title":{"rendered":"VII Ciclomarcha MTB por las Enfermedades Raras Metab\u00f3licas"},"content":{"rendered":"<p><a href=\"https:\/\/asfema.org\/blog\/wp-content\/uploads\/2019\/02\/VII-Ciclomarcha.jpg\"><img decoding=\"async\" loading=\"lazy\" class=\"wp-image-4194  alignleft\" src=\"https:\/\/asfema.org\/blog\/wp-content\/uploads\/2019\/02\/VII-Ciclomarcha.jpg\" alt=\"\" width=\"178\" height=\"247\" srcset=\"https:\/\/asfema.org\/blog\/wp-content\/uploads\/2019\/02\/VII-Ciclomarcha.jpg 907w, https:\/\/asfema.org\/blog\/wp-content\/uploads\/2019\/02\/VII-Ciclomarcha-768x1067.jpg 768w\" sizes=\"(max-width: 178px) 100vw, 178px\" \/><\/a>Un a\u00f1o m\u00e1s, <strong>ASFEMA<\/strong>, Asociaci\u00f3n de Fenilceton\u00faricos y OTM de Madrid organiza la<strong> VII Ciclomarcha MTB por las Enfermedades Raras Metab\u00f3licas<\/strong>, que tendr\u00e1 lugar el:<\/p>\n<h2 style=\"text-align: center;\"><span style=\"color: #0000ff;\">Domingo 28 Abril de 2019 en El Tiemblo (\u00c1vila) a las 10:00 AM<\/span><\/h2>\n<p>Toda informaci\u00f3n acerca de la organizaci\u00f3n, recorrido, actividades, precios, inscripci\u00f3n, etc&#8230; podeis encontrarla en la p\u00e1gina dedicada al evento, que se encuentra en nuestra misma web, arriba, en el menu &#8220;VII Ciclomarcha MTB&#8221;, o pinchando directamente <strong><a href=\"https:\/\/asfema.org\/blog\/index.php\/vii-ciclomarcha-mtb-por-las-enfermedades-raras-metabolicas_pagina\/\">AQUI<\/a>.<\/strong><\/p>\n<p>Os recordamos que se trata del mayor evento que organizamos desde <strong>ASFEMA<\/strong>, y nos proporciona una <strong>buena parte de los recursos necesarios para seguir con nuestra actividad<\/strong>, por lo que necesitamos darle la mayor difusion posible, y que compartais el evento en vuestras redes sociales, lo envieis a vuestros contactos, amigos, familiares, etc&#8230;.<\/p>\n<p>Ya se pueden recoger los carteles en la asociaci\u00f3n, para que sean distribuidos en tiendas de bicis cercanas a vuestras casas, clubs de MTB y BTT, y cualquier sitio que se os ocurra.<\/p>\n<p>\u00a1Os esperamos a todos!<\/p>\n","protected":false},"excerpt":{"rendered":"<p>Un a\u00f1o m\u00e1s, ASFEMA, Asociaci\u00f3n de Fenilceton\u00faricos y OTM de Madrid organiza la VII Ciclomarcha MTB por las Enfermedades Raras Metab\u00f3licas, que tendr\u00e1 lugar el: Domingo 28 Abril de 2019 en El Tiemblo (\u00c1vila) a las 10:00 AM Toda informaci\u00f3n acerca de la organizaci\u00f3n, recorrido, actividades, precios, inscripci\u00f3n, etc&#8230; podeis encontrarla en la p\u00e1gina dedicada &hellip;<\/p>\n<p class=\"read-more\"> <a class=\"\" href=\"https:\/\/asfema.org\/blog\/index.php\/vii-ciclomarcha-mtb-por-las-enfermedades-raras-metabolica\/\"> <span class=\"screen-reader-text\">VII Ciclomarcha MTB por las Enfermedades Raras Metab\u00f3licas<\/span> Read More &raquo;<\/a><\/p>\n","protected":false},"author":11,"featured_media":4194,"comment_status":"open","ping_status":"open","sticky":false,"template":"","format":"standard","meta":{"site-sidebar-layout":"default","site-content-layout":"default","ast-global-header-display":"","ast-banner-title-visibility":"","ast-main-header-display":"","ast-hfb-above-header-display":"","ast-hfb-below-header-display":"","ast-hfb-mobile-header-display":"","site-post-title":"","ast-breadcrumbs-content":"","ast-featured-img":"","footer-sml-layout":"","theme-transparent-header-meta":"","adv-header-id-meta":"","stick-header-meta":"","header-above-stick-meta":"","header-main-stick-meta":"","header-below-stick-meta":"","footnotes":""},"categories":[31,328,450],"tags":[59,34,229,133,142,227,452],"acf":[],"_links":{"self":[{"href":"https:\/\/asfema.org\/blog\/index.php\/wp-json\/wp\/v2\/posts\/4184"}],"collection":[{"href":"https:\/\/asfema.org\/blog\/index.php\/wp-json\/wp\/v2\/posts"}],"about":[{"href":"https:\/\/asfema.org\/blog\/index.php\/wp-json\/wp\/v2\/types\/post"}],"author":[{"embeddable":true,"href":"https:\/\/asfema.org\/blog\/index.php\/wp-json\/wp\/v2\/users\/11"}],"replies":[{"embeddable":true,"href":"https:\/\/asfema.org\/blog\/index.php\/wp-json\/wp\/v2\/comments?post=4184"}],"version-history":[{"count":5,"href":"https:\/\/asfema.org\/blog\/index.php\/wp-json\/wp\/v2\/posts\/4184\/revisions"}],"predecessor-version":[{"id":4196,"href":"https:\/\/asfema.org\/blog\/index.php\/wp-json\/wp\/v2\/posts\/4184\/revisions\/4196"}],"wp:featuredmedia":[{"embeddable":true,"href":"https:\/\/asfema.org\/blog\/index.php\/wp-json\/wp\/v2\/media\/4194"}],"wp:attachment":[{"href":"https:\/\/asfema.org\/blog\/index.php\/wp-json\/wp\/v2\/media?parent=4184"}],"wp:term":[{"taxonomy":"category","embeddable":true,"href":"https:\/\/asfema.org\/blog\/index.php\/wp-json\/wp\/v2\/categories?post=4184"},{"taxonomy":"post_tag","embeddable":true,"href":"https:\/\/asfema.org\/blog\/index.php\/wp-json\/wp\/v2\/tags?post=4184"}],"curies":[{"name":"wp","href":"https:\/\/api.w.org\/{rel}","templated":true}]}}