{"id":4235,"date":"2019-03-26T07:54:27","date_gmt":"2019-03-26T07:54:27","guid":{"rendered":"https:\/\/asfema.org\/blog\/?p=4235"},"modified":"2019-03-26T07:54:27","modified_gmt":"2019-03-26T07:54:27","slug":"nos-mudamos-nuevo-local-de-asfema","status":"publish","type":"post","link":"https:\/\/asfema.org\/blog\/index.php\/nos-mudamos-nuevo-local-de-asfema\/","title":{"rendered":"\u00a1\u00a1Nos mudamos!! &#8211; Nuevo local de ASFEMA"},"content":{"rendered":"<div>Os informamos del cambio de direcci\u00f3n de nuestra asociaci\u00f3n, el cual se har\u00e1 efectivo a partir del <strong>1 de abril de 2019<\/strong>. La nueva direcci\u00f3n de nuestro local ser\u00e1:<\/div>\n<div style=\"text-align: center;\"><span style=\"color: #ffffff;\">&#8211;\u00a0\u00a0\u00a0<\/span><\/div>\n<div style=\"text-align: center;\"><strong><span style=\"color: #0000ff;\">C\/ Luis Ruiz, 75 &#8211; Local 30. 28017 Madrid (Metro Garcia Noblejas L-7)<\/span><\/strong><\/div>\n<div style=\"text-align: center;\"><span style=\"color: #ffffff;\">&#8211;<\/span><\/div>\n<div>Adem\u00e1s de esta importante noticia, aprovechamos esta entrada para solicitar vuestra colaboraci\u00f3n y ayudar en la mudanza, ya que la asociaci\u00f3n es de todos nosotros y supone un enorme esfuerzo llevarla a cabo: hacer cajas, desmontar mobiliario, moverlo a la nueva ubicaci\u00f3n, etc. Cuantos mas seamos, menos trabajo nos llevara.<\/div>\n<div>\n<p>La mudanza tendr\u00e1 lugar durante este fin de semana:<\/p>\n<ul>\n<li><a href=\"https:\/\/asfema.org\/blog\/wp-content\/uploads\/2019\/03\/Mudanza.jpg\"><img decoding=\"async\" loading=\"lazy\" class=\"size-thumbnail wp-image-4237 alignright\" src=\"https:\/\/asfema.org\/blog\/wp-content\/uploads\/2019\/03\/Mudanza-250x141.jpg\" alt=\"\" width=\"250\" height=\"141\" srcset=\"https:\/\/asfema.org\/blog\/wp-content\/uploads\/2019\/03\/Mudanza-250x141.jpg 250w, https:\/\/asfema.org\/blog\/wp-content\/uploads\/2019\/03\/Mudanza-850x478.jpg 850w, https:\/\/asfema.org\/blog\/wp-content\/uploads\/2019\/03\/Mudanza-768x432.jpg 768w, https:\/\/asfema.org\/blog\/wp-content\/uploads\/2019\/03\/Mudanza-800x450.jpg 800w, https:\/\/asfema.org\/blog\/wp-content\/uploads\/2019\/03\/Mudanza.jpg 960w\" sizes=\"(max-width: 250px) 100vw, 250px\" \/><\/a><strong>Jueves 28 por la ma\u00f1ana<\/strong><\/li>\n<li><strong>Viernes 29 por la tarde<\/strong><\/li>\n<li><strong>S\u00e1bado 30 desde por la ma\u00f1ana, hasta que terminemos<\/strong><\/li>\n<\/ul>\n<\/div>\n<div>\n<p>Por lo que esperamos que acud\u00e1is con energ\u00edas, y si pod\u00e9is, con cajas de cart\u00f3n, o cinta de embalar.<\/p>\n<p><strong>NOTA IMPORTANTE:<\/strong> dado que el jueves estaremos organizando la mudanza, no se prestar\u00e1 el servicio habitual de venta de alimentos en el local.<\/p>\n<p>Una vez establecidos en el nuevo local, los horarios de atenci\u00f3n seguir\u00e1n siendo los mismos:<\/p>\n<\/div>\n<ul>\n<li><strong>Mi\u00e9rcoles de 16:00 a 20:00<\/strong><\/li>\n<li><strong>Jueves de 10:00 a 13:00<\/strong><\/li>\n<\/ul>\n<div>\n<p>As\u00ed como los <strong>primeros s\u00e1bados de cada mes.<\/strong><\/p>\n<p>Os dejamos un enlace al plano con la ubicacion del nuevo local, asi como zonas de aparcamiento, identificadas com una \u201cP\u201d, y las paradas de transporte publico mas cercanos.<\/p>\n<\/div>\n<div style=\"text-align: center;\"><a href=\"https:\/\/asfema.us5.list-manage.com\/track\/click?u=755c347bff48a967a63bd271e&amp;id=10e4a47a9e&amp;e=3e5c56d464\" target=\"_blank\" rel=\"noopener\" data-saferedirecturl=\"https:\/\/www.google.com\/url?q=https:\/\/asfema.us5.list-manage.com\/track\/click?u%3D755c347bff48a967a63bd271e%26id%3D10e4a47a9e%26e%3D3e5c56d464&amp;source=gmail&amp;ust=1553671586227000&amp;usg=AFQjCNGlueZxz54KwjQ2dqLBCNCMccSzdw\"><strong>UBICACION NUEVO LOCAL<\/strong><\/a><\/div>\n","protected":false},"excerpt":{"rendered":"<p>Os informamos del cambio de direcci\u00f3n de nuestra asociaci\u00f3n, el cual se har\u00e1 efectivo a partir del 1 de abril de 2019. La nueva direcci\u00f3n de nuestro local ser\u00e1: &#8211;\u00a0\u00a0\u00a0 C\/ Luis Ruiz, 75 &#8211; Local 30. 28017 Madrid (Metro Garcia Noblejas L-7) &#8211; Adem\u00e1s de esta importante noticia, aprovechamos esta entrada para solicitar vuestra &hellip;<\/p>\n<p class=\"read-more\"> <a class=\"\" href=\"https:\/\/asfema.org\/blog\/index.php\/nos-mudamos-nuevo-local-de-asfema\/\"> <span class=\"screen-reader-text\">\u00a1\u00a1Nos mudamos!! &#8211; Nuevo local de ASFEMA<\/span> Read More &raquo;<\/a><\/p>\n","protected":false},"author":11,"featured_media":4237,"comment_status":"open","ping_status":"open","sticky":false,"template":"","format":"standard","meta":{"site-sidebar-layout":"default","site-content-layout":"default","ast-global-header-display":"","ast-banner-title-visibility":"","ast-main-header-display":"","ast-hfb-above-header-display":"","ast-hfb-below-header-display":"","ast-hfb-mobile-header-display":"","site-post-title":"","ast-breadcrumbs-content":"","ast-featured-img":"","footer-sml-layout":"","theme-transparent-header-meta":"","adv-header-id-meta":"","stick-header-meta":"","header-above-stick-meta":"","header-main-stick-meta":"","header-below-stick-meta":"","footnotes":""},"categories":[332,328,73,5],"tags":[59,457,244,456],"acf":[],"_links":{"self":[{"href":"https:\/\/asfema.org\/blog\/index.php\/wp-json\/wp\/v2\/posts\/4235"}],"collection":[{"href":"https:\/\/asfema.org\/blog\/index.php\/wp-json\/wp\/v2\/posts"}],"about":[{"href":"https:\/\/asfema.org\/blog\/index.php\/wp-json\/wp\/v2\/types\/post"}],"author":[{"embeddable":true,"href":"https:\/\/asfema.org\/blog\/index.php\/wp-json\/wp\/v2\/users\/11"}],"replies":[{"embeddable":true,"href":"https:\/\/asfema.org\/blog\/index.php\/wp-json\/wp\/v2\/comments?post=4235"}],"version-history":[{"count":11,"href":"https:\/\/asfema.org\/blog\/index.php\/wp-json\/wp\/v2\/posts\/4235\/revisions"}],"predecessor-version":[{"id":4247,"href":"https:\/\/asfema.org\/blog\/index.php\/wp-json\/wp\/v2\/posts\/4235\/revisions\/4247"}],"wp:featuredmedia":[{"embeddable":true,"href":"https:\/\/asfema.org\/blog\/index.php\/wp-json\/wp\/v2\/media\/4237"}],"wp:attachment":[{"href":"https:\/\/asfema.org\/blog\/index.php\/wp-json\/wp\/v2\/media?parent=4235"}],"wp:term":[{"taxonomy":"category","embeddable":true,"href":"https:\/\/asfema.org\/blog\/index.php\/wp-json\/wp\/v2\/categories?post=4235"},{"taxonomy":"post_tag","embeddable":true,"href":"https:\/\/asfema.org\/blog\/index.php\/wp-json\/wp\/v2\/tags?post=4235"}],"curies":[{"name":"wp","href":"https:\/\/api.w.org\/{rel}","templated":true}]}}