{"id":4344,"date":"2019-04-24T05:56:27","date_gmt":"2019-04-24T05:56:27","guid":{"rendered":"https:\/\/asfema.org\/blog\/?p=4344"},"modified":"2019-04-24T05:56:27","modified_gmt":"2019-04-24T05:56:27","slug":"almuerzo-posterior-a-la-vii-ciclomarcha","status":"publish","type":"post","link":"https:\/\/asfema.org\/blog\/index.php\/almuerzo-posterior-a-la-vii-ciclomarcha\/","title":{"rendered":"Almuerzo posterior a la VII Ciclomarcha"},"content":{"rendered":"<p>Os informamos que estamos preparando un almuerzo para todos aquellos que quieran quedarse a comer una vez terminada la ciclomarcha, que como ya sab\u00e9is, celebramos el pr\u00f3ximo domingo 28 de Abril en El Tiemblo.<\/p>\n<p>Pensamos que es una excelente ocasi\u00f3n para estrechar v\u00ednculos en nuestra familia metab\u00f3lica y cerrar as\u00ed un gran d\u00eda, donde nos olvid\u00e9is, celebramos el mayor evento de nuestra asociaci\u00f3n.<\/p>\n<p>El almuerzo, ser\u00e1 en la <strong><a href=\"https:\/\/asfema.us5.list-manage.com\/track\/click?u=755c347bff48a967a63bd271e&amp;id=c18bc9cc5b&amp;e=3e5c56d464\">Casa de comidas Bon Vivant<\/a><\/strong>, y tendremos los siguientes men\u00fas:<\/p>\n<ul>\n<li>Men\u00fa <strong>no metab\u00f3lico<\/strong>, (12.7 \u20ac) a elegir entre las siguientes opciones:<\/li>\n<\/ul>\n<p>Primeros:<br \/>\n&#8211; Ensalada campera<br \/>\n&#8211; Jud\u00edas blancas<br \/>\n&#8211; Revuelto de setas<\/p>\n<p>Segundos:<br \/>\n&#8211; Paella<br \/>\n&#8211; Cuartos de pollo<br \/>\n&#8211; Libritos<\/p>\n<p>Incluye una bebida y postre.<\/p>\n<ul>\n<li>Men\u00fa <strong>metab\u00f3lico<\/strong>, (coste a cargo de la asociaci\u00f3n):<\/li>\n<\/ul>\n<p>Primero:<br \/>\n&#8211; Gazpacho<br \/>\n&#8211; Croquetas.<br \/>\nSegundo:<br \/>\n&#8211; Paella<br \/>\nIncluye una bebida y postre (ensalada de frutas).<\/p>\n<p>Para poder gestionarlo de una manera adecuada, necesitamos que nos confirm\u00e9is a nuestro correo habitual, <a href=\"http:\/\/contacto@asfema.org\"><strong>contacto@asfema.org<\/strong><\/a>, \u00a0el n\u00famero de comensales totales que acudir\u00e9is, indicando cuantos men\u00fas metab\u00f3licos y no metab\u00f3licos se precisan.<\/p>\n<p>!!!! Animaos, seguro que lo pasaremos muy bien !!!!<\/p>\n","protected":false},"excerpt":{"rendered":"<p>Os informamos que estamos preparando un almuerzo para todos aquellos que quieran quedarse a comer una vez terminada la ciclomarcha, que como ya sab\u00e9is, celebramos el pr\u00f3ximo domingo 28 de Abril en El Tiemblo. Pensamos que es una excelente ocasi\u00f3n para estrechar v\u00ednculos en nuestra familia metab\u00f3lica y cerrar as\u00ed un gran d\u00eda, donde nos &hellip;<\/p>\n<p class=\"read-more\"> <a class=\"\" href=\"https:\/\/asfema.org\/blog\/index.php\/almuerzo-posterior-a-la-vii-ciclomarcha\/\"> <span class=\"screen-reader-text\">Almuerzo posterior a la VII Ciclomarcha<\/span> Read More &raquo;<\/a><\/p>\n","protected":false},"author":11,"featured_media":4194,"comment_status":"open","ping_status":"open","sticky":false,"template":"","format":"standard","meta":{"site-sidebar-layout":"default","site-content-layout":"default","ast-global-header-display":"","ast-banner-title-visibility":"","ast-main-header-display":"","ast-hfb-above-header-display":"","ast-hfb-below-header-display":"","ast-hfb-mobile-header-display":"","site-post-title":"","ast-breadcrumbs-content":"","ast-featured-img":"","footer-sml-layout":"","theme-transparent-header-meta":"","adv-header-id-meta":"","stick-header-meta":"","header-above-stick-meta":"","header-main-stick-meta":"","header-below-stick-meta":"","footnotes":""},"categories":[31,450],"tags":[394,133,142,227,348,452],"acf":[],"_links":{"self":[{"href":"https:\/\/asfema.org\/blog\/index.php\/wp-json\/wp\/v2\/posts\/4344"}],"collection":[{"href":"https:\/\/asfema.org\/blog\/index.php\/wp-json\/wp\/v2\/posts"}],"about":[{"href":"https:\/\/asfema.org\/blog\/index.php\/wp-json\/wp\/v2\/types\/post"}],"author":[{"embeddable":true,"href":"https:\/\/asfema.org\/blog\/index.php\/wp-json\/wp\/v2\/users\/11"}],"replies":[{"embeddable":true,"href":"https:\/\/asfema.org\/blog\/index.php\/wp-json\/wp\/v2\/comments?post=4344"}],"version-history":[{"count":1,"href":"https:\/\/asfema.org\/blog\/index.php\/wp-json\/wp\/v2\/posts\/4344\/revisions"}],"predecessor-version":[{"id":4345,"href":"https:\/\/asfema.org\/blog\/index.php\/wp-json\/wp\/v2\/posts\/4344\/revisions\/4345"}],"wp:featuredmedia":[{"embeddable":true,"href":"https:\/\/asfema.org\/blog\/index.php\/wp-json\/wp\/v2\/media\/4194"}],"wp:attachment":[{"href":"https:\/\/asfema.org\/blog\/index.php\/wp-json\/wp\/v2\/media?parent=4344"}],"wp:term":[{"taxonomy":"category","embeddable":true,"href":"https:\/\/asfema.org\/blog\/index.php\/wp-json\/wp\/v2\/categories?post=4344"},{"taxonomy":"post_tag","embeddable":true,"href":"https:\/\/asfema.org\/blog\/index.php\/wp-json\/wp\/v2\/tags?post=4344"}],"curies":[{"name":"wp","href":"https:\/\/api.w.org\/{rel}","templated":true}]}}