{"id":4351,"date":"2019-05-25T15:41:58","date_gmt":"2019-05-25T15:41:58","guid":{"rendered":"https:\/\/asfema.org\/blog\/?p=4351"},"modified":"2019-05-25T15:43:22","modified_gmt":"2019-05-25T15:43:22","slug":"asamblea-general-ordinaria-de-2019","status":"publish","type":"post","link":"https:\/\/asfema.org\/blog\/index.php\/asamblea-general-ordinaria-de-2019\/","title":{"rendered":"Asamblea General Ordinaria de 2019"},"content":{"rendered":"<p>Por la presente, la Junta Directiva de ASFEMA comunica que la<strong> Asamblea General Ordinaria de 2019<\/strong> tendr\u00e1 lugar el pr\u00f3ximo d\u00eda <strong>domingo 9 de Junio<\/strong>, a las <strong>17:30<\/strong> horas en primera convocatoria, y a las <strong>18:00<\/strong> en 2\u00aa convocatoria, en el Local de la Asociaci\u00f3n, situado en la <strong>Calle Luis Ruiz, n\u00ba75 de Madrid (Metro Garc\u00eda Noblejas)<\/strong>.<\/p>\n<p>Si no te es posible asistir a la misma, puedes delegar tu voto en cualquier otro socio, rellenando el formulario que se encuentra en: <a title=\"Delegaci\u00f3n de voto\" href=\"https:\/\/asfema.us5.list-manage.com\/track\/click?u=755c347bff48a967a63bd271e&amp;id=fe632c7118&amp;e=3e5c56d464\" target=\"_blank\" rel=\"noopener\" data-saferedirecturl=\"https:\/\/www.google.com\/url?q=https:\/\/asfema.us5.list-manage.com\/track\/click?u%3D755c347bff48a967a63bd271e%26id%3Dfe632c7118%26e%3D3e5c56d464&amp;source=gmail&amp;ust=1558884864384000&amp;usg=AFQjCNE3rxzQHWe8p2EAOj1hMXDVVB3dew\">https:\/\/asfema.org\/blog\/wp-<wbr \/>content\/uploads\/2014\/06\/<wbr \/>delegacion-de-voto-asamblea-<wbr \/>general.pdf<\/a> .<\/p>\n<p>Recordamos que, conforme a <a title=\"Estatutos de ASFEMA \u2013 Asociaci\u00f3n de Fenilceton\u00faricos y OTM de Madrid\" href=\"https:\/\/asfema.us5.list-manage.com\/track\/click?u=755c347bff48a967a63bd271e&amp;id=655ff26b1e&amp;e=3e5c56d464\" target=\"_blank\" rel=\"noopener\" data-saferedirecturl=\"https:\/\/www.google.com\/url?q=https:\/\/asfema.us5.list-manage.com\/track\/click?u%3D755c347bff48a967a63bd271e%26id%3D655ff26b1e%26e%3D3e5c56d464&amp;source=gmail&amp;ust=1558884864384000&amp;usg=AFQjCNG_Y_ZKSxWzHhjQrGvp9rjG8IB5VQ\">nuestros estatutos<\/a>, tendr\u00e1n derecho a voto, todos los socios de ASFEMA mayores de 16 a\u00f1os, o en su defecto, si fuera menor de esa edad, su representante legal (padre, madre o tutor), <u>siempre que est\u00e9n al corriente de pago de, al menos, la primera cuota de 2019.<\/u><\/p>\n<p>El <strong>orden del d\u00eda<\/strong> propuesto ser\u00e1 el siguiente:<\/p>\n<ul>\n<li>Lectura y aprobaci\u00f3n de la anterior acta<\/li>\n<li>Informe cuentas 2018<\/li>\n<li>Memoria de actividades 2018<\/li>\n<li>Valoraci\u00f3n de actividades por socios<\/li>\n<li>Actividades J\u00f3venes y valoraci\u00f3n<\/li>\n<li>Presupuesto 2020<\/li>\n<li>Proyecto 2020 \u2013 Congreso ESPKU en Madrid<\/li>\n<li>Renovaci\u00f3n cargos Junta Directiva<\/li>\n<\/ul>\n<p>La duraci\u00f3n total de la asamblea ser\u00e1 de un m\u00e1ximo de <strong>3 horas<\/strong>.<\/p>\n<p>Quedamos a vuestra disposici\u00f3n para cualquier aclaraci\u00f3n necesaria.<\/p>\n","protected":false},"excerpt":{"rendered":"<p>Por la presente, la Junta Directiva de ASFEMA comunica que la Asamblea General Ordinaria de 2019 tendr\u00e1 lugar el pr\u00f3ximo d\u00eda domingo 9 de Junio, a las 17:30 horas en primera convocatoria, y a las 18:00 en 2\u00aa convocatoria, en el Local de la Asociaci\u00f3n, situado en la Calle Luis Ruiz, n\u00ba75 de Madrid (Metro &hellip;<\/p>\n<p class=\"read-more\"> <a class=\"\" href=\"https:\/\/asfema.org\/blog\/index.php\/asamblea-general-ordinaria-de-2019\/\"> <span class=\"screen-reader-text\">Asamblea General Ordinaria de 2019<\/span> Read More &raquo;<\/a><\/p>\n","protected":false},"author":11,"featured_media":191,"comment_status":"open","ping_status":"open","sticky":false,"template":"","format":"standard","meta":{"site-sidebar-layout":"default","site-content-layout":"default","ast-global-header-display":"","ast-banner-title-visibility":"","ast-main-header-display":"","ast-hfb-above-header-display":"","ast-hfb-below-header-display":"","ast-hfb-mobile-header-display":"","site-post-title":"","ast-breadcrumbs-content":"","ast-featured-img":"","footer-sml-layout":"","theme-transparent-header-meta":"","adv-header-id-meta":"","stick-header-meta":"","header-above-stick-meta":"","header-main-stick-meta":"","header-below-stick-meta":"","footnotes":""},"categories":[31,332,328,5],"tags":[58,59,94,57,147],"acf":[],"_links":{"self":[{"href":"https:\/\/asfema.org\/blog\/index.php\/wp-json\/wp\/v2\/posts\/4351"}],"collection":[{"href":"https:\/\/asfema.org\/blog\/index.php\/wp-json\/wp\/v2\/posts"}],"about":[{"href":"https:\/\/asfema.org\/blog\/index.php\/wp-json\/wp\/v2\/types\/post"}],"author":[{"embeddable":true,"href":"https:\/\/asfema.org\/blog\/index.php\/wp-json\/wp\/v2\/users\/11"}],"replies":[{"embeddable":true,"href":"https:\/\/asfema.org\/blog\/index.php\/wp-json\/wp\/v2\/comments?post=4351"}],"version-history":[{"count":1,"href":"https:\/\/asfema.org\/blog\/index.php\/wp-json\/wp\/v2\/posts\/4351\/revisions"}],"predecessor-version":[{"id":4352,"href":"https:\/\/asfema.org\/blog\/index.php\/wp-json\/wp\/v2\/posts\/4351\/revisions\/4352"}],"wp:featuredmedia":[{"embeddable":true,"href":"https:\/\/asfema.org\/blog\/index.php\/wp-json\/wp\/v2\/media\/191"}],"wp:attachment":[{"href":"https:\/\/asfema.org\/blog\/index.php\/wp-json\/wp\/v2\/media?parent=4351"}],"wp:term":[{"taxonomy":"category","embeddable":true,"href":"https:\/\/asfema.org\/blog\/index.php\/wp-json\/wp\/v2\/categories?post=4351"},{"taxonomy":"post_tag","embeddable":true,"href":"https:\/\/asfema.org\/blog\/index.php\/wp-json\/wp\/v2\/tags?post=4351"}],"curies":[{"name":"wp","href":"https:\/\/api.w.org\/{rel}","templated":true}]}}