{"id":4353,"date":"2019-05-25T15:49:04","date_gmt":"2019-05-25T15:49:04","guid":{"rendered":"https:\/\/asfema.org\/blog\/?p=4353"},"modified":"2019-05-25T15:49:04","modified_gmt":"2019-05-25T15:49:04","slug":"2a-campana-de-empleo-de-verano-fundacion-universia","status":"publish","type":"post","link":"https:\/\/asfema.org\/blog\/index.php\/2a-campana-de-empleo-de-verano-fundacion-universia\/","title":{"rendered":"2\u00aa Campa\u00f1a de Empleo de Verano. Fundaci\u00f3n Universia"},"content":{"rendered":"<div>\n<p class=\"m_-3072747894226144402ydpa84b70a8yiv6878401364MsoNormal\">Por segundo a\u00f1o consecutivo, el Banco Santander y Fundaci\u00f3n Universia colaboran en la 2\u00aa convocatoria de Empleo y Talento de Summer Experience 2019 para los meses de verano.<\/p>\n<\/div>\n<div>\n<p class=\"m_-3072747894226144402ydpa84b70a8yiv6878401364MsoNormal\">La campa\u00f1a busca dar una oportunidad a j\u00f3venes con Talento y Discapacidad para acceder a una experiencia retribuida de empleo en sucursales bancarias, adquirir las principales competencias profesionales y comenzar o dar impulso a su vida laboral, sin por ello entrar en conflicto con estudios formativos y acad\u00e9micos.<\/p>\n<\/div>\n<div>\n<p class=\"m_-3072747894226144402ydpa84b70a8yiv6878401364MsoNormal\">Si estais interesados en participar en el proceso, solo teneis que registraros en el siguiente enlace:<\/p>\n<\/div>\n<div>\n<p class=\"m_-3072747894226144402ydpa84b70a8yiv6878401364MsoNormal\"><a href=\"https:\/\/www.fundacionuniversia.net\/santander-summer-experience\/\" target=\"_blank\" rel=\"noopener\" data-saferedirecturl=\"https:\/\/www.google.com\/url?q=https:\/\/www.fundacionuniversia.net\/santander-summer-experience\/&amp;source=gmail&amp;ust=1558884149140000&amp;usg=AFQjCNEybgNhBD0yp8RXzN-sNenaTIkCaQ\">https:\/\/www.<wbr \/>fundacionuniversia.net\/<wbr \/>santander-summer-experience\/<\/a><\/p>\n<\/div>\n<div>\n<p class=\"m_-3072747894226144402ydpa84b70a8yiv6878401364MsoNormal\">El resumen de la vacante es el siguiente:<\/p>\n<\/div>\n<div>\n<ul type=\"disc\">\n<li class=\"m_-3072747894226144402ydpa84b70a8yiv6878401364MsoNormal\">Vacante: Cajero\/Ventanilla en Sucursal Bancaria.<\/li>\n<li class=\"m_-3072747894226144402ydpa84b70a8yiv6878401364MsoNormal\">Empresa: Banco Santander.<\/li>\n<li class=\"m_-3072747894226144402ydpa84b70a8yiv6878401364MsoNormal\">Tareas: Atenci\u00f3n al p\u00fablico presencial y telef\u00f3nico de clientes particulares del Banco.<\/li>\n<li class=\"m_-3072747894226144402ydpa84b70a8yiv6878401364MsoNormal\">Requisitos: Disponer de t\u00edtulo de Formaci\u00f3n Profesional Superior o Disponer -o estar cursando- titulaci\u00f3n universitaria.Jornada:<\/li>\n<li class=\"m_-3072747894226144402ydpa84b70a8yiv6878401364MsoNormal\">Jornada intensiva de ma\u00f1ana (08-15h).<\/li>\n<li class=\"m_-3072747894226144402ydpa84b70a8yiv6878401364MsoNormal\">N\u00ba Vacantes: 125 en todo el territorio nacional.<\/li>\n<li class=\"m_-3072747894226144402ydpa84b70a8yiv6878401364MsoNormal\">Remuneraci\u00f3n Atractiva.<\/li>\n<li class=\"m_-3072747894226144402ydpa84b70a8yiv6878401364MsoNormal\">Tipo de contrato y duraci\u00f3n: Contrato Temporal, de 8-11 semanas de duraci\u00f3n.<\/li>\n<li class=\"m_-3072747894226144402ydpa84b70a8yiv6878401364MsoNormal\">Fechas orientativas de incorporaci\u00f3n: Finales de junio.<\/li>\n<\/ul>\n<\/div>\n","protected":false},"excerpt":{"rendered":"<p>Por segundo a\u00f1o consecutivo, el Banco Santander y Fundaci\u00f3n Universia colaboran en la 2\u00aa convocatoria de Empleo y Talento de Summer Experience 2019 para los meses de verano. La campa\u00f1a busca dar una oportunidad a j\u00f3venes con Talento y Discapacidad para acceder a una experiencia retribuida de empleo en sucursales bancarias, adquirir las principales competencias &hellip;<\/p>\n<p class=\"read-more\"> <a class=\"\" href=\"https:\/\/asfema.org\/blog\/index.php\/2a-campana-de-empleo-de-verano-fundacion-universia\/\"> <span class=\"screen-reader-text\">2\u00aa Campa\u00f1a de Empleo de Verano. Fundaci\u00f3n Universia<\/span> Read More &raquo;<\/a><\/p>\n","protected":false},"author":11,"featured_media":191,"comment_status":"open","ping_status":"open","sticky":false,"template":"","format":"standard","meta":{"site-sidebar-layout":"default","site-content-layout":"default","ast-global-header-display":"","ast-banner-title-visibility":"","ast-main-header-display":"","ast-hfb-above-header-display":"","ast-hfb-below-header-display":"","ast-hfb-mobile-header-display":"","site-post-title":"","ast-breadcrumbs-content":"","ast-featured-img":"","footer-sml-layout":"","theme-transparent-header-meta":"","adv-header-id-meta":"","stick-header-meta":"","header-above-stick-meta":"","header-main-stick-meta":"","header-below-stick-meta":"","footnotes":""},"categories":[5],"tags":[464,466,465],"acf":[],"_links":{"self":[{"href":"https:\/\/asfema.org\/blog\/index.php\/wp-json\/wp\/v2\/posts\/4353"}],"collection":[{"href":"https:\/\/asfema.org\/blog\/index.php\/wp-json\/wp\/v2\/posts"}],"about":[{"href":"https:\/\/asfema.org\/blog\/index.php\/wp-json\/wp\/v2\/types\/post"}],"author":[{"embeddable":true,"href":"https:\/\/asfema.org\/blog\/index.php\/wp-json\/wp\/v2\/users\/11"}],"replies":[{"embeddable":true,"href":"https:\/\/asfema.org\/blog\/index.php\/wp-json\/wp\/v2\/comments?post=4353"}],"version-history":[{"count":1,"href":"https:\/\/asfema.org\/blog\/index.php\/wp-json\/wp\/v2\/posts\/4353\/revisions"}],"predecessor-version":[{"id":4354,"href":"https:\/\/asfema.org\/blog\/index.php\/wp-json\/wp\/v2\/posts\/4353\/revisions\/4354"}],"wp:featuredmedia":[{"embeddable":true,"href":"https:\/\/asfema.org\/blog\/index.php\/wp-json\/wp\/v2\/media\/191"}],"wp:attachment":[{"href":"https:\/\/asfema.org\/blog\/index.php\/wp-json\/wp\/v2\/media?parent=4353"}],"wp:term":[{"taxonomy":"category","embeddable":true,"href":"https:\/\/asfema.org\/blog\/index.php\/wp-json\/wp\/v2\/categories?post=4353"},{"taxonomy":"post_tag","embeddable":true,"href":"https:\/\/asfema.org\/blog\/index.php\/wp-json\/wp\/v2\/tags?post=4353"}],"curies":[{"name":"wp","href":"https:\/\/api.w.org\/{rel}","templated":true}]}}