{"id":4356,"date":"2019-06-17T07:06:47","date_gmt":"2019-06-17T07:06:47","guid":{"rendered":"https:\/\/asfema.org\/blog\/?p=4356"},"modified":"2019-06-17T07:06:47","modified_gmt":"2019-06-17T07:06:47","slug":"showcooking-metabolico-el-proximo-29-de-junio","status":"publish","type":"post","link":"https:\/\/asfema.org\/blog\/index.php\/showcooking-metabolico-el-proximo-29-de-junio\/","title":{"rendered":"Showcooking metab\u00f3lico el pr\u00f3ximo 29 de Junio"},"content":{"rendered":"<section class=\"elementor-element elementor-element-dfdff59 elementor-section-boxed elementor-section-height-default elementor-section-height-default elementor-section elementor-top-section\" data-id=\"dfdff59\" data-element_type=\"section\">\n<div class=\"elementor-container elementor-column-gap-default\">\n<div class=\"elementor-row\">\n<div class=\"elementor-element elementor-element-a05e067 elementor-column elementor-col-100 elementor-top-column\" data-id=\"a05e067\" data-element_type=\"column\">\n<div class=\"elementor-column-wrap elementor-element-populated\">\n<div class=\"elementor-widget-wrap\">\n<div class=\"elementor-element elementor-element-8c9d0be elementor-widget elementor-widget-text-editor\" data-id=\"8c9d0be\" data-element_type=\"widget\" data-widget_type=\"text-editor.default\">\n<div class=\"elementor-widget-container\">\n<div class=\"elementor-text-editor elementor-clearfix\">\n<p>El pr\u00f3ximo <strong>29 de junio<\/strong>, cerca del d\u00eda de la PKU, tendr\u00e1 lugar el showcooking metab\u00f3lico de las dietas restringidas en prote\u00edna que organiza la <strong>FEEMH<\/strong>. El evento se organiza en el <strong>restaurante Mito<\/strong> (C\/ Miguel Yuste, 58, Madrid) a las 10:00h.<\/p>\n<p>La entrada es libre, pero por limitaci\u00f3n de aforo desde <strong>FEEMH<\/strong> nos solicitan que nos registremos en su web, pincha<strong> <a href=\"https:\/\/metabolicos.es\/2019\/06\/showcooking-metabolico-29-junio\/\">AQUI<\/a><\/strong> para redirigirte, y desde donde tambien podeis obtener mas informacion.<\/p>\n<p>El taller contara con tres personas famosas en el mundo de metabolopat\u00edas por su talento culinario: <b><a href=\"https:\/\/www.alimentacion-vigilada.info\/\">Aline Leonardo<\/a>,<a href=\"https:\/\/ericnoprotein.wordpress.com\/\"> \u00c9ric Muncunill <\/a><\/b>y la bloguera y mam\u00e1 metab\u00f3lica, <a href=\"http:\/\/soniarecetaspku.blogspot.com\/\"><b>Sonia Carrasco.<\/b><\/a><\/p>\n<section class=\"elementor-element elementor-element-0b85880 elementor-section-boxed elementor-section-height-default elementor-section-height-default elementor-section elementor-top-section\" data-id=\"0b85880\" data-element_type=\"section\">\n<div class=\"elementor-container elementor-column-gap-default\">\n<div class=\"elementor-row\">\n<div class=\"elementor-element elementor-element-779bc4b elementor-column elementor-col-100 elementor-top-column\" data-id=\"779bc4b\" data-element_type=\"column\">\n<div class=\"elementor-column-wrap elementor-element-populated\">\n<div class=\"elementor-widget-wrap\">\n<div class=\"elementor-element elementor-element-33c84e9 elementor-widget elementor-widget-text-editor\" data-id=\"33c84e9\" data-element_type=\"widget\" data-widget_type=\"text-editor.default\">\n<div class=\"elementor-widget-container\">\n<div class=\"elementor-text-editor elementor-clearfix\">\n<p>\u00a1No falteis a estas prometedora jornada!<\/p>\n<p><iframe loading=\"lazy\" style=\"border: 0;\" src=\"https:\/\/www.google.com\/maps\/embed?pb=!1m18!1m12!1m3!1d2553.6746197489238!2d-3.624143847965906!3d40.434363931112244!2m3!1f0!2f0!3f0!3m2!1i1024!2i768!4f13.1!3m3!1m2!1s0xd422f7547b536cb%3A0x7a61802abf9c732d!2sCoffee+%26+Restaurant+MITO!5e0!3m2!1ses!2ses!4v1560754989727!5m2!1ses!2ses\" width=\"600\" height=\"450\" frameborder=\"0\" allowfullscreen=\"allowfullscreen\"><\/iframe><\/p>\n<\/div>\n<\/div>\n<\/div>\n<\/div>\n<\/div>\n<\/div>\n<\/div>\n<\/div>\n<\/section>\n<\/div>\n<\/div>\n<\/div>\n<\/div>\n<\/div>\n<\/div>\n<\/div>\n<\/div>\n<\/section>\n","protected":false},"excerpt":{"rendered":"<p>El pr\u00f3ximo 29 de junio, cerca del d\u00eda de la PKU, tendr\u00e1 lugar el showcooking metab\u00f3lico de las dietas restringidas en prote\u00edna que organiza la FEEMH. El evento se organiza en el restaurante Mito (C\/ Miguel Yuste, 58, Madrid) a las 10:00h. La entrada es libre, pero por limitaci\u00f3n de aforo desde FEEMH nos solicitan &hellip;<\/p>\n<p class=\"read-more\"> <a class=\"\" href=\"https:\/\/asfema.org\/blog\/index.php\/showcooking-metabolico-el-proximo-29-de-junio\/\"> <span class=\"screen-reader-text\">Showcooking metab\u00f3lico el pr\u00f3ximo 29 de Junio<\/span> Read More &raquo;<\/a><\/p>\n","protected":false},"author":11,"featured_media":4357,"comment_status":"open","ping_status":"open","sticky":false,"template":"","format":"standard","meta":{"site-sidebar-layout":"default","site-content-layout":"default","ast-global-header-display":"","ast-banner-title-visibility":"","ast-main-header-display":"","ast-hfb-above-header-display":"","ast-hfb-below-header-display":"","ast-hfb-mobile-header-display":"","site-post-title":"","ast-breadcrumbs-content":"","ast-featured-img":"","footer-sml-layout":"","theme-transparent-header-meta":"","adv-header-id-meta":"","stick-header-meta":"","header-above-stick-meta":"","header-main-stick-meta":"","header-below-stick-meta":"","footnotes":""},"categories":[1],"tags":[274,240,145,468,365,467,159],"acf":[],"_links":{"self":[{"href":"https:\/\/asfema.org\/blog\/index.php\/wp-json\/wp\/v2\/posts\/4356"}],"collection":[{"href":"https:\/\/asfema.org\/blog\/index.php\/wp-json\/wp\/v2\/posts"}],"about":[{"href":"https:\/\/asfema.org\/blog\/index.php\/wp-json\/wp\/v2\/types\/post"}],"author":[{"embeddable":true,"href":"https:\/\/asfema.org\/blog\/index.php\/wp-json\/wp\/v2\/users\/11"}],"replies":[{"embeddable":true,"href":"https:\/\/asfema.org\/blog\/index.php\/wp-json\/wp\/v2\/comments?post=4356"}],"version-history":[{"count":1,"href":"https:\/\/asfema.org\/blog\/index.php\/wp-json\/wp\/v2\/posts\/4356\/revisions"}],"predecessor-version":[{"id":4358,"href":"https:\/\/asfema.org\/blog\/index.php\/wp-json\/wp\/v2\/posts\/4356\/revisions\/4358"}],"wp:featuredmedia":[{"embeddable":true,"href":"https:\/\/asfema.org\/blog\/index.php\/wp-json\/wp\/v2\/media\/4357"}],"wp:attachment":[{"href":"https:\/\/asfema.org\/blog\/index.php\/wp-json\/wp\/v2\/media?parent=4356"}],"wp:term":[{"taxonomy":"category","embeddable":true,"href":"https:\/\/asfema.org\/blog\/index.php\/wp-json\/wp\/v2\/categories?post=4356"},{"taxonomy":"post_tag","embeddable":true,"href":"https:\/\/asfema.org\/blog\/index.php\/wp-json\/wp\/v2\/tags?post=4356"}],"curies":[{"name":"wp","href":"https:\/\/api.w.org\/{rel}","templated":true}]}}