{"id":4363,"date":"2019-06-26T11:38:24","date_gmt":"2019-06-26T11:38:24","guid":{"rendered":"https:\/\/asfema.org\/blog\/?p=4363"},"modified":"2023-02-12T13:19:15","modified_gmt":"2023-02-12T13:19:15","slug":"28-de-junio-dia-de-la-pku","status":"publish","type":"post","link":"https:\/\/asfema.org\/blog\/index.php\/28-de-junio-dia-de-la-pku\/","title":{"rendered":"28 De Junio &#8211; Dia de la PKU"},"content":{"rendered":"<p>Como cada a\u00f1o, este pr\u00f3ximo <strong>28 de Junio<\/strong>, conmemorando la fecha de nacimiento de <strong><em>Horst Bickel<\/em><\/strong>, descubridor de la enfermedad PKU y de los beneficios de la dieta baja en prote\u00ednas, celebramos el <strong><u>d\u00eda de la PKU 2019<\/u><\/strong>.<\/p>\n<p>Os animamos a participar en esta celebraci\u00f3n como propone la <strong>FEEMH<\/strong>:<\/p>\n<ul>\n<li><u>D\u00eda sin prote\u00edna: #SINPROCHALLENGE<\/u><\/li>\n<\/ul>\n<p>La mejor forma de demostrar la dificultad de convivir con una enfermedad metab\u00f3lica, es pasando por ella, aunque sean solo 24 horas. Por eso surgi\u00f3 la idea de proponer a\u00a0 familiares, amigos y conocidos el reto de permanecer con una dieta baja en prote\u00ednas con suplementos y que nos cuenten sus experiencias: como ha sido la planificaci\u00f3n diaria, situaciones planteadas al salir de casa y comer fuera, etc., en definitiva, todos aquellos obst\u00e1culos que aquellos que conviven con una enfermedad metabolica como la PKU ya conocen de sobra.<\/p>\n<p>En <strong><a href=\"https:\/\/metabolicos.es\/dia-sin-proteina\/\">esta p\u00e1gina<\/a><\/strong> puedes seguir atodos aquellos que se apuntaron al reto los y animarlos a que completen el desafio.<\/p>\n<ul>\n<li><u>PKU: Vivir sin l\u00edmites<\/u><\/li>\n<\/ul>\n<p>Desde la FEEMH, se pretende organizar una campa\u00f1a para identificar aquellas necesidades desantendidas que encuentran los pacientes adultos. Mas adelante, nos daran mas informacion desde su <strong><a href=\"https:\/\/metabolicos.es\/\">web<\/a><\/strong>.<\/p>\n<ul>\n<li><u>Showcooking metab\u00f3lico<\/u><\/li>\n<\/ul>\n<p>Como ya comentamos en anterior entrada <strong><a href=\"https:\/\/asfema.org\/blog\/index.php\/showcooking-metabolico-el-proximo-29-de-junio\/\">AQUI<\/a><\/strong>, el 29 de Junio, se organiza en el restaurante Mito, un Showcooking metabolico en el que tendremos la posibilidad de aprender trucos de los mejores en cocina metabolica: <b><a href=\"https:\/\/www.alimentacion-vigilada.info\/\">Aline Leonardo<\/a>,<a href=\"https:\/\/ericnoprotein.wordpress.com\/\"> \u00c9ric Muncunill <\/a><\/b>y la bloguera y mam\u00e1 metab\u00f3lica, <a href=\"http:\/\/soniarecetaspku.blogspot.com\/\"><b>Sonia Carrasco.<\/b><\/a><\/p>\n","protected":false},"excerpt":{"rendered":"<p>Como cada a\u00f1o, este pr\u00f3ximo 28 de Junio, conmemorando la fecha de nacimiento de Horst Bickel, descubridor de la enfermedad PKU y de los beneficios de la dieta baja en prote\u00ednas, celebramos el d\u00eda de la PKU 2019. Os animamos a participar en esta celebraci\u00f3n como propone la FEEMH: D\u00eda sin prote\u00edna: #SINPROCHALLENGE La mejor &hellip;<\/p>\n<p class=\"read-more\"> <a class=\"\" href=\"https:\/\/asfema.org\/blog\/index.php\/28-de-junio-dia-de-la-pku\/\"> <span class=\"screen-reader-text\">28 De Junio &#8211; Dia de la PKU<\/span> Read More &raquo;<\/a><\/p>\n","protected":false},"author":11,"featured_media":3326,"comment_status":"open","ping_status":"open","sticky":false,"template":"","format":"standard","meta":{"site-sidebar-layout":"default","site-content-layout":"default","ast-global-header-display":"","ast-banner-title-visibility":"","ast-main-header-display":"","ast-hfb-above-header-display":"","ast-hfb-below-header-display":"","ast-hfb-mobile-header-display":"","site-post-title":"","ast-breadcrumbs-content":"","ast-featured-img":"","footer-sml-layout":"","theme-transparent-header-meta":"","adv-header-id-meta":"","stick-header-meta":"","header-above-stick-meta":"","header-main-stick-meta":"","header-below-stick-meta":"","footnotes":""},"categories":[332,328,5],"tags":[471,365,16],"acf":[],"_links":{"self":[{"href":"https:\/\/asfema.org\/blog\/index.php\/wp-json\/wp\/v2\/posts\/4363"}],"collection":[{"href":"https:\/\/asfema.org\/blog\/index.php\/wp-json\/wp\/v2\/posts"}],"about":[{"href":"https:\/\/asfema.org\/blog\/index.php\/wp-json\/wp\/v2\/types\/post"}],"author":[{"embeddable":true,"href":"https:\/\/asfema.org\/blog\/index.php\/wp-json\/wp\/v2\/users\/11"}],"replies":[{"embeddable":true,"href":"https:\/\/asfema.org\/blog\/index.php\/wp-json\/wp\/v2\/comments?post=4363"}],"version-history":[{"count":3,"href":"https:\/\/asfema.org\/blog\/index.php\/wp-json\/wp\/v2\/posts\/4363\/revisions"}],"predecessor-version":[{"id":4366,"href":"https:\/\/asfema.org\/blog\/index.php\/wp-json\/wp\/v2\/posts\/4363\/revisions\/4366"}],"wp:featuredmedia":[{"embeddable":true,"href":"https:\/\/asfema.org\/blog\/index.php\/wp-json\/wp\/v2\/media\/3326"}],"wp:attachment":[{"href":"https:\/\/asfema.org\/blog\/index.php\/wp-json\/wp\/v2\/media?parent=4363"}],"wp:term":[{"taxonomy":"category","embeddable":true,"href":"https:\/\/asfema.org\/blog\/index.php\/wp-json\/wp\/v2\/categories?post=4363"},{"taxonomy":"post_tag","embeddable":true,"href":"https:\/\/asfema.org\/blog\/index.php\/wp-json\/wp\/v2\/tags?post=4363"}],"curies":[{"name":"wp","href":"https:\/\/api.w.org\/{rel}","templated":true}]}}