{"id":4367,"date":"2019-07-03T13:23:50","date_gmt":"2019-07-03T13:23:50","guid":{"rendered":"https:\/\/asfema.org\/blog\/?p=4367"},"modified":"2019-07-03T13:25:17","modified_gmt":"2019-07-03T13:25:17","slug":"ii-jornadas-de-alimentacion-metabolica-ramon-y-cajal","status":"publish","type":"post","link":"https:\/\/asfema.org\/blog\/index.php\/ii-jornadas-de-alimentacion-metabolica-ramon-y-cajal\/","title":{"rendered":"II Jornadas de alimentaci\u00f3n metab\u00f3lica Ramon y Cajal"},"content":{"rendered":"<p>El <strong>Hospital Ram\u00f3n y Cajal<\/strong>, ha decidido organizar una nueva edici\u00f3n de las <strong>jornadas de alimentacion metabolica<\/strong>. La anterior estuvo centrada en pacientes con Homocistinuria y en esta ocasi\u00f3n va dirigida a pacientes adolescentes y adultos con Fenilcetonuria.<\/p>\n<p>Para esta jornada contar\u00e1n con la\u00a0 colaboraci\u00f3n de m\u00e9dicos de otras unidades de probada experiencia en estas patolog\u00edas. El objetivo de este curso-taller es continuar formando a pacientes y familiares sobre su enfermedad y dar a conocer nuevas alternativas de tratamiento que puedan\u00a0 ayudar a mejorar su adherencia a la dieta, su control metab\u00f3lico y finalmente su calidad de vida.<\/p>\n<p>El aforo de la sala es limitado por lo que se ruega solicitar asistencia escribiendo a <a href=\"mailto:metabolicasryc@gmail.com\"><em><strong>metabolicasryc@gmail.com<\/strong><\/em> <\/a>indicando n\u00famero de asistentes. En caso de completar aforo se avisar\u00e1 para anular la asistencia de los \u00faltimos inscritos 3 d\u00edas antes del evento.<\/p>\n<p>Os dejamos el programa de esta jornada:<\/p>\n<p><span style=\"color: #0000ff;\"><strong>PROGRAMA<\/strong><\/span><\/p>\n<p>15:00h.- Inauguraci\u00f3n.<br \/>\n15:15-15:30.- Importanciade la dieta en los pacientes PKU. \u00bfTodos los pacientes son iguales? Dr. Luis Ald\u00e1miz-Echevarr\u00eda CSUR de Enfermedades Metab\u00f3licas.H.U. de Cruces. Bilbao.<br \/>\n15:30-15:45.- Nuevas f\u00f3rmulas de nutrici\u00f3n parapacientes con PKU adolescentes. Dr. Domingo Gonz\u00e1lez-Lamu\u00f1o Unidad de Metab\u00f3licas.H.U. Marqu\u00e9s de Valdecilla.Santander.<br \/>\n15:45-16:00.- Nuevas f\u00f3rmulas de nutrici\u00f3n parapacientes con PKU adultos. Dra. Eva Venegas CSUR de Enfermedades Metab\u00f3licas.H.U. Virgen del Rocio.Sevilla.<br \/>\n16:00-16:15.- Nuevo abordajeterap\u00e9utico farmacol\u00f3gicopara pacientes PKU adultos no bien controlados con la dieta Dra Amaya Belanger y Dra Sinziana Stanescu. CSUR de Enfermedades Metab\u00f3licas. H.U. Ram\u00f3n y Cajal. Madrid.<br \/>\n16:15-16:30.- Importancia de la adherencia a la dieta en los pacientes PKU. Estudio de control metab\u00f3lico y adherencia con los nuevos suplementos. Dr. Francisco Arrieta CSUR de Enfermedades Metab\u00f3licas. H.U. Ram\u00f3n y Cajal. Madrid.<br \/>\n16:30-16:50.- Turno de preguntas<br \/>\n16:50-17:10.- Descanso<br \/>\n17:10-18:30.- Taller Pr\u00e1ctico de Nutrici\u00f3n en pacientes PKU.<\/p>\n","protected":false},"excerpt":{"rendered":"<p>El Hospital Ram\u00f3n y Cajal, ha decidido organizar una nueva edici\u00f3n de las jornadas de alimentacion metabolica. La anterior estuvo centrada en pacientes con Homocistinuria y en esta ocasi\u00f3n va dirigida a pacientes adolescentes y adultos con Fenilcetonuria. Para esta jornada contar\u00e1n con la\u00a0 colaboraci\u00f3n de m\u00e9dicos de otras unidades de probada experiencia en estas &hellip;<\/p>\n<p class=\"read-more\"> <a class=\"\" href=\"https:\/\/asfema.org\/blog\/index.php\/ii-jornadas-de-alimentacion-metabolica-ramon-y-cajal\/\"> <span class=\"screen-reader-text\">II Jornadas de alimentaci\u00f3n metab\u00f3lica Ramon y Cajal<\/span> Read More &raquo;<\/a><\/p>\n","protected":false},"author":11,"featured_media":4368,"comment_status":"open","ping_status":"open","sticky":false,"template":"","format":"standard","meta":{"site-sidebar-layout":"default","site-content-layout":"default","ast-global-header-display":"","ast-banner-title-visibility":"","ast-main-header-display":"","ast-hfb-above-header-display":"","ast-hfb-below-header-display":"","ast-hfb-mobile-header-display":"","site-post-title":"","ast-breadcrumbs-content":"","ast-featured-img":"","footer-sml-layout":"","theme-transparent-header-meta":"","adv-header-id-meta":"","stick-header-meta":"","header-above-stick-meta":"","header-main-stick-meta":"","header-below-stick-meta":"","footnotes":""},"categories":[328,5],"tags":[441,426,99,410,16,278],"acf":[],"_links":{"self":[{"href":"https:\/\/asfema.org\/blog\/index.php\/wp-json\/wp\/v2\/posts\/4367"}],"collection":[{"href":"https:\/\/asfema.org\/blog\/index.php\/wp-json\/wp\/v2\/posts"}],"about":[{"href":"https:\/\/asfema.org\/blog\/index.php\/wp-json\/wp\/v2\/types\/post"}],"author":[{"embeddable":true,"href":"https:\/\/asfema.org\/blog\/index.php\/wp-json\/wp\/v2\/users\/11"}],"replies":[{"embeddable":true,"href":"https:\/\/asfema.org\/blog\/index.php\/wp-json\/wp\/v2\/comments?post=4367"}],"version-history":[{"count":2,"href":"https:\/\/asfema.org\/blog\/index.php\/wp-json\/wp\/v2\/posts\/4367\/revisions"}],"predecessor-version":[{"id":4370,"href":"https:\/\/asfema.org\/blog\/index.php\/wp-json\/wp\/v2\/posts\/4367\/revisions\/4370"}],"wp:featuredmedia":[{"embeddable":true,"href":"https:\/\/asfema.org\/blog\/index.php\/wp-json\/wp\/v2\/media\/4368"}],"wp:attachment":[{"href":"https:\/\/asfema.org\/blog\/index.php\/wp-json\/wp\/v2\/media?parent=4367"}],"wp:term":[{"taxonomy":"category","embeddable":true,"href":"https:\/\/asfema.org\/blog\/index.php\/wp-json\/wp\/v2\/categories?post=4367"},{"taxonomy":"post_tag","embeddable":true,"href":"https:\/\/asfema.org\/blog\/index.php\/wp-json\/wp\/v2\/tags?post=4367"}],"curies":[{"name":"wp","href":"https:\/\/api.w.org\/{rel}","templated":true}]}}