{"id":4442,"date":"2019-11-13T10:13:22","date_gmt":"2019-11-13T10:13:22","guid":{"rendered":"https:\/\/asfema.org\/blog\/?p=4442"},"modified":"2019-11-13T10:13:22","modified_gmt":"2019-11-13T10:13:22","slug":"libro-las-recetas-de-mi-familia-hipoproteica-hospital-universitario-12-de-octubre","status":"publish","type":"post","link":"https:\/\/asfema.org\/blog\/index.php\/libro-las-recetas-de-mi-familia-hipoproteica-hospital-universitario-12-de-octubre\/","title":{"rendered":"Libro &#8220;Las Recetas de mi Familia Hipoproteica&#8221; &#8211; Hospital Universitario 12 de Octubre"},"content":{"rendered":"<p>Os dejamos un enlace al libro <strong><u>&#8220;<em>Las Recetas de mi Familia Hipoproteica<\/em>&#8220;<\/u><\/strong>\u00a0en el que muchas de nuestras familias metab\u00f3licas han participado con algunas de sus recetas.<\/p>\n<p><a href=\"https:\/\/asfema.org\/blog\/wp-content\/uploads\/2019\/11\/Las-recetas-de-mi-familia-hipoproteica.pdf\">https:\/\/asfema.org\/blog\/wp-content\/uploads\/2019\/11\/Las-recetas-de-mi-familia-hipoproteica.pdf<\/a><\/p>\n<p>Todas las recetas contenidas en este libro\u00a0son fruto de la I y II edici\u00f3n del\u00a0Taller de Dieta Hipoproteica (2017 \/ 2019) realizados en el <strong>Hospital Universitario 12 de Octubre, <\/strong>gracias al buen hacer de su unidad pedi\u00e1trica de Enfermedades Metab\u00f3licas y Unidad de Enfermedades Minoritarias del Adulto: <strong>Dra. <\/strong><strong>Elena Mart\u00edn, Dra. Pilar Quijada, Dra. <\/strong><strong>Silvia Chumillas, Dr. Marcello Bellusci, Dra. Garc\u00eda Silva, Dra. Montserrat Morales, Dra. Elena Arranz, Olga Laso y Delia Barrio<\/strong>, ademas de la colaboracion de <strong>Nutricia<\/strong>.<\/p>\n<p>El libro tiene formato electr\u00f3nico de forma que cada a\u00f1o se podr\u00e1n incorporar las recetas de los talleres de cocina que se organicen en un futuro, permitiendo, adem\u00e1s, una difusi\u00f3n mucho m\u00e1s sencilla. Al ser PDF navegable para ir a las diferentes recetas del \u00edndice, basta con pinchar encima de la receta, para volver hay\u00a0que pinchar en la casita de la parte inferior izquierda de cada p\u00e1gina.<\/p>\n<p><a href=\"https:\/\/asfema.org\/blog\/wp-content\/uploads\/2019\/01\/Hospital-12-Octubre-Cuadrada.png\"><img decoding=\"async\" loading=\"lazy\" class=\"size-thumbnail wp-image-4132 aligncenter\" src=\"https:\/\/asfema.org\/blog\/wp-content\/uploads\/2019\/01\/Hospital-12-Octubre-Cuadrada-250x141.png\" alt=\"\" width=\"250\" height=\"141\" \/><\/a><\/p>\n","protected":false},"excerpt":{"rendered":"<p>Os dejamos un enlace al libro &#8220;Las Recetas de mi Familia Hipoproteica&#8220;\u00a0en el que muchas de nuestras familias metab\u00f3licas han participado con algunas de sus recetas. https:\/\/asfema.org\/blog\/wp-content\/uploads\/2019\/11\/Las-recetas-de-mi-familia-hipoproteica.pdf Todas las recetas contenidas en este libro\u00a0son fruto de la I y II edici\u00f3n del\u00a0Taller de Dieta Hipoproteica (2017 \/ 2019) realizados en el Hospital Universitario 12 de &hellip;<\/p>\n<p class=\"read-more\"> <a class=\"\" href=\"https:\/\/asfema.org\/blog\/index.php\/libro-las-recetas-de-mi-familia-hipoproteica-hospital-universitario-12-de-octubre\/\"> <span class=\"screen-reader-text\">Libro &#8220;Las Recetas de mi Familia Hipoproteica&#8221; &#8211; Hospital Universitario 12 de Octubre<\/span> Read More &raquo;<\/a><\/p>\n","protected":false},"author":11,"featured_media":4132,"comment_status":"open","ping_status":"open","sticky":false,"template":"","format":"standard","meta":{"site-sidebar-layout":"default","site-content-layout":"default","ast-global-header-display":"","ast-banner-title-visibility":"","ast-main-header-display":"","ast-hfb-above-header-display":"","ast-hfb-below-header-display":"","ast-hfb-mobile-header-display":"","site-post-title":"","ast-breadcrumbs-content":"","ast-featured-img":"","footer-sml-layout":"","theme-transparent-header-meta":"","adv-header-id-meta":"","stick-header-meta":"","header-above-stick-meta":"","header-main-stick-meta":"","header-below-stick-meta":"","footnotes":""},"categories":[328,5,1],"tags":[145,485,25,159],"acf":[],"_links":{"self":[{"href":"https:\/\/asfema.org\/blog\/index.php\/wp-json\/wp\/v2\/posts\/4442"}],"collection":[{"href":"https:\/\/asfema.org\/blog\/index.php\/wp-json\/wp\/v2\/posts"}],"about":[{"href":"https:\/\/asfema.org\/blog\/index.php\/wp-json\/wp\/v2\/types\/post"}],"author":[{"embeddable":true,"href":"https:\/\/asfema.org\/blog\/index.php\/wp-json\/wp\/v2\/users\/11"}],"replies":[{"embeddable":true,"href":"https:\/\/asfema.org\/blog\/index.php\/wp-json\/wp\/v2\/comments?post=4442"}],"version-history":[{"count":1,"href":"https:\/\/asfema.org\/blog\/index.php\/wp-json\/wp\/v2\/posts\/4442\/revisions"}],"predecessor-version":[{"id":4443,"href":"https:\/\/asfema.org\/blog\/index.php\/wp-json\/wp\/v2\/posts\/4442\/revisions\/4443"}],"wp:featuredmedia":[{"embeddable":true,"href":"https:\/\/asfema.org\/blog\/index.php\/wp-json\/wp\/v2\/media\/4132"}],"wp:attachment":[{"href":"https:\/\/asfema.org\/blog\/index.php\/wp-json\/wp\/v2\/media?parent=4442"}],"wp:term":[{"taxonomy":"category","embeddable":true,"href":"https:\/\/asfema.org\/blog\/index.php\/wp-json\/wp\/v2\/categories?post=4442"},{"taxonomy":"post_tag","embeddable":true,"href":"https:\/\/asfema.org\/blog\/index.php\/wp-json\/wp\/v2\/tags?post=4442"}],"curies":[{"name":"wp","href":"https:\/\/api.w.org\/{rel}","templated":true}]}}