{"id":4617,"date":"2020-03-11T19:52:13","date_gmt":"2020-03-11T19:52:13","guid":{"rendered":"https:\/\/asfema.org\/blog\/?p=4617"},"modified":"2020-03-19T07:11:15","modified_gmt":"2020-03-19T07:11:15","slug":"abastecimiento-asegurado-en-asfema-frente-a-covid-19-coronavirus","status":"publish","type":"post","link":"https:\/\/asfema.org\/blog\/index.php\/abastecimiento-asegurado-en-asfema-frente-a-covid-19-coronavirus\/","title":{"rendered":"Abastecimiento asegurado en ASFEMA frente a COVID-19 (Coronavirus)"},"content":{"rendered":"<p>Tras los acontecimientos que est\u00e1n sucedi\u00e9ndose con la propagaci\u00f3n del coronavirus COVID-19 en la comunidad de Madrid, queremos informar a todos nuestros asociados que, tras la consulta con varios de nuestros proveedores, el abastecimiento de productos en nuestro banco de alimento a d\u00eda de hoy est\u00e1 completamente asegurado.<\/p>\n<p>Recalcamos: <span style=\"color: #0000ff;\"><strong><u>ASFEMA NO PRESENTARA PROBLEMAS DE DESABASTECIMIENTO<\/u><\/strong><\/span>, por lo que pedimos en la medida de lo posible, que las cantidades de los distintos productos que se compren, sean las adecuadas, para evitar precisamente, que el miedo infundado que estos d\u00edas han vaciado ciertas cadenas de supermercados nacionales, ocurra en nuestra asociaci\u00f3n, y alguno de nuestros asociados metab\u00f3licos no encuentre disponible alg\u00fan producto.<\/p>\n<p>Como siempre si ten\u00e9is alguna duda, no dud\u00e9is en consultar por las v\u00edas habituales.<\/p>\n","protected":false},"excerpt":{"rendered":"<p>Tras los acontecimientos que est\u00e1n sucedi\u00e9ndose con la propagaci\u00f3n del coronavirus COVID-19 en la comunidad de Madrid, queremos informar a todos nuestros asociados que, tras la consulta con varios de nuestros proveedores, el abastecimiento de productos en nuestro banco de alimento a d\u00eda de hoy est\u00e1 completamente asegurado. Recalcamos: ASFEMA NO PRESENTARA PROBLEMAS DE DESABASTECIMIENTO, &hellip;<\/p>\n<p class=\"read-more\"> <a class=\"\" href=\"https:\/\/asfema.org\/blog\/index.php\/abastecimiento-asegurado-en-asfema-frente-a-covid-19-coronavirus\/\"> <span class=\"screen-reader-text\">Abastecimiento asegurado en ASFEMA frente a COVID-19 (Coronavirus)<\/span> Read More &raquo;<\/a><\/p>\n","protected":false},"author":11,"featured_media":4650,"comment_status":"open","ping_status":"open","sticky":false,"template":"","format":"standard","meta":{"site-sidebar-layout":"default","site-content-layout":"default","ast-global-header-display":"","ast-banner-title-visibility":"","ast-main-header-display":"","ast-hfb-above-header-display":"","ast-hfb-below-header-display":"","ast-hfb-mobile-header-display":"","site-post-title":"","ast-breadcrumbs-content":"","ast-featured-img":"","footer-sml-layout":"","theme-transparent-header-meta":"","adv-header-id-meta":"","stick-header-meta":"","header-above-stick-meta":"","header-main-stick-meta":"","header-below-stick-meta":"","footnotes":""},"categories":[332,328,5],"tags":[10,494,493,492],"acf":[],"_links":{"self":[{"href":"https:\/\/asfema.org\/blog\/index.php\/wp-json\/wp\/v2\/posts\/4617"}],"collection":[{"href":"https:\/\/asfema.org\/blog\/index.php\/wp-json\/wp\/v2\/posts"}],"about":[{"href":"https:\/\/asfema.org\/blog\/index.php\/wp-json\/wp\/v2\/types\/post"}],"author":[{"embeddable":true,"href":"https:\/\/asfema.org\/blog\/index.php\/wp-json\/wp\/v2\/users\/11"}],"replies":[{"embeddable":true,"href":"https:\/\/asfema.org\/blog\/index.php\/wp-json\/wp\/v2\/comments?post=4617"}],"version-history":[{"count":2,"href":"https:\/\/asfema.org\/blog\/index.php\/wp-json\/wp\/v2\/posts\/4617\/revisions"}],"predecessor-version":[{"id":4653,"href":"https:\/\/asfema.org\/blog\/index.php\/wp-json\/wp\/v2\/posts\/4617\/revisions\/4653"}],"wp:featuredmedia":[{"embeddable":true,"href":"https:\/\/asfema.org\/blog\/index.php\/wp-json\/wp\/v2\/media\/4650"}],"wp:attachment":[{"href":"https:\/\/asfema.org\/blog\/index.php\/wp-json\/wp\/v2\/media?parent=4617"}],"wp:term":[{"taxonomy":"category","embeddable":true,"href":"https:\/\/asfema.org\/blog\/index.php\/wp-json\/wp\/v2\/categories?post=4617"},{"taxonomy":"post_tag","embeddable":true,"href":"https:\/\/asfema.org\/blog\/index.php\/wp-json\/wp\/v2\/tags?post=4617"}],"curies":[{"name":"wp","href":"https:\/\/api.w.org\/{rel}","templated":true}]}}