{"id":4637,"date":"2020-03-16T08:50:43","date_gmt":"2020-03-16T08:50:43","guid":{"rendered":"https:\/\/asfema.org\/blog\/?p=4637"},"modified":"2020-06-01T06:07:01","modified_gmt":"2020-06-01T06:07:01","slug":"cierre-del-acceso-al-local-de-asfema","status":"publish","type":"post","link":"https:\/\/asfema.org\/blog\/index.php\/cierre-del-acceso-al-local-de-asfema\/","title":{"rendered":"Cierre de acceso al local de ASFEMA (hasta 3 de Junio 2020)"},"content":{"rendered":"\r\n<h2><span style=\"color: #ff0000;\">*****ESTAS DIRECTRICES DEJARAN DE TENER EFECTO EN JUNIO DE 2020, DONDE A PARTIR DEL DIA 3 DE JUNIO SE RECUPERA HORARIO HABITUAL, VER <a href=\"https:\/\/asfema.org\/blog\/index.php\/normas-para-proxima-re-apertura-del-banco-de-alimentos-3-junio\/\">AQUI<\/a>*****<\/span><\/h2>\r\n<p>Debido al alarma declarada por el gobierno, desde <strong>ASFEMA<\/strong> nos vemos en la necesidad de cerrar el acceso al local del banco de alimentos para proteger de un posible contagio por el <strong>Coronavirus<\/strong> (COVID-19) al personal de la asociaci\u00f3n y a los posibles socios que acudan a comprar.<\/p>\r\n\r\n\r\n\r\n<p>Por ello hemos abierto dos v\u00edas para la compra y recepci\u00f3n de alimentos, que en cualquier caso implican realizar el pedido por correo a trav\u00e9s de <strong><a href=\"mailto:pedidos@asfema.org\">pedidos@asfema.org<\/a><\/strong> o por whatsapp al n\u00famero <strong>670 223 805<\/strong>:<\/p>\r\n\r\n\r\n\r\n<ul>\r\n<li>El primer caso ser\u00eda solicitar el env\u00edo a domicilio a trav\u00e9s de la empresa de transporte (sujeto a disponibilidad de la empresa de transporte) que trabaja habitualmente con <strong>ASFEMA<\/strong>. Los paquetes, solo contendr\u00e1n alimentos <strong>SECOS<\/strong> o <strong>REFRIGERADOS<\/strong> y se distribuir\u00e1n a precio de 5\u20ac en la Comunidad de Madrid, corriendo <strong>ASFEMA<\/strong> con el resto de los gastos. En el caso de alimentos <strong>CONGELADOS<\/strong>, que requieren de porte especial significativamente m\u00e1s costoso, el env\u00edo ser\u00e1 abonado por l@s soci@s, tanto la contrataci\u00f3n con la empresa de mensajer\u00eda, como su coste, estimamos que en torno a 25 euros. Sugerimos que los alimentos congelados sean recogidos en el local. Los costes de env\u00edo fuera de la Comunidad de Madrid se mantienen iguales.<\/li>\r\n<\/ul>\r\n\r\n\r\n\r\n<ul>\r\n<li>La segunda posibilidad ser\u00eda recoger el pedido de cualquier producto encargado, en la puerta del local sin coste adicional.<\/li>\r\n<\/ul>\r\n\r\n\r\n\r\n<p>En cualquiera de los casos el pago se realizar\u00e1 previamente con tarjeta o trasferencia bancaria previa (N\u00famero de cuenta ASFEMA <strong>ES91 0182 6353 0402 0153 3528<\/strong>) para evitar la manipulaci\u00f3n de dinero en efectivo.<\/p>\r\n\r\n\r\n\r\n<p>Los pedidos se deben realizar antes de las 16:00h del mi\u00e9rcoles de la semana correspondiente para que el personal de <strong>ASFEMA<\/strong> pueda prepararlos.<\/p>\r\n\r\n\r\n\r\n<p>Para garantizar orden en las cuentas, por favor, al realizar el pedido facilitad vuestro n\u00famero de socio, persona destinataria, direcci\u00f3 de env\u00edo y tel\u00e9fono. Una vez realizada la transferencia, aportad documento justificativo de haberla hecho.<\/p>\r\n\r\n\r\n\r\n<p>Nos reservamos el derecho de no realizar el pedido completo si el banco corre el riesgo de desabastecimiento.<\/p>\r\n\r\n\r\n\r\n<p>Est\u00e1s medidas podr\u00edan ser modificadas en funci\u00f3n de las medidas y recomendaciones que realice el gobierno en relaci\u00f3n al estado de emergencia declarado.<\/p>\r\n\r\n\r\n\r\n<p>Desde <strong>ASFEMA<\/strong> esperamos que estas medidas causen el menor trastorno posible a nuestros socios, pero tambi\u00e9n esperamos que entiendan la situaci\u00f3n excepcional que vivimos.<\/p>\r\n\r\n\r\n\r\n<p>Para cualquier aclaraci\u00f3n, pod\u00e9is llamar a nuestro tel\u00e9fono en el horario habitual de apertura, mi\u00e9rcoles de 16:00 a 20:00h y jueves de 10:00 a 14:00h o a Mati 671 805 266.<\/p>\r\n<h2><span style=\"color: #ff0000;\">*****ESTAS DIRECTRICES DEJARAN DE TENER EFECTO EN JUNIO DE 2020, DONDE A PARTIR DEL DIA 3 DE JUNIO SE RECUPERA HORARIO HABITUAL*, VER <a href=\"https:\/\/asfema.org\/blog\/index.php\/normas-para-proxima-re-apertura-del-banco-de-alimentos-3-junio\/\">AQUI<\/a>****<\/span><\/h2>\r\n","protected":false},"excerpt":{"rendered":"<p>*****ESTAS DIRECTRICES DEJARAN DE TENER EFECTO EN JUNIO DE 2020, DONDE A PARTIR DEL DIA 3 DE JUNIO SE RECUPERA HORARIO HABITUAL, VER AQUI***** Debido al alarma declarada por el gobierno, desde ASFEMA nos vemos en la necesidad de cerrar el acceso al local del banco de alimentos para proteger de un posible contagio por &hellip;<\/p>\n<p class=\"read-more\"> <a class=\"\" href=\"https:\/\/asfema.org\/blog\/index.php\/cierre-del-acceso-al-local-de-asfema\/\"> <span class=\"screen-reader-text\">Cierre de acceso al local de ASFEMA (hasta 3 de Junio 2020)<\/span> Read More &raquo;<\/a><\/p>\n","protected":false},"author":11,"featured_media":4650,"comment_status":"open","ping_status":"open","sticky":false,"template":"","format":"standard","meta":{"site-sidebar-layout":"default","site-content-layout":"default","ast-global-header-display":"","ast-banner-title-visibility":"","ast-main-header-display":"","ast-hfb-above-header-display":"","ast-hfb-below-header-display":"","ast-hfb-mobile-header-display":"","site-post-title":"","ast-breadcrumbs-content":"","ast-featured-img":"","footer-sml-layout":"","theme-transparent-header-meta":"","adv-header-id-meta":"","stick-header-meta":"","header-above-stick-meta":"","header-main-stick-meta":"","header-below-stick-meta":"","footnotes":""},"categories":[332,5],"tags":[355,493,148,496],"acf":[],"_links":{"self":[{"href":"https:\/\/asfema.org\/blog\/index.php\/wp-json\/wp\/v2\/posts\/4637"}],"collection":[{"href":"https:\/\/asfema.org\/blog\/index.php\/wp-json\/wp\/v2\/posts"}],"about":[{"href":"https:\/\/asfema.org\/blog\/index.php\/wp-json\/wp\/v2\/types\/post"}],"author":[{"embeddable":true,"href":"https:\/\/asfema.org\/blog\/index.php\/wp-json\/wp\/v2\/users\/11"}],"replies":[{"embeddable":true,"href":"https:\/\/asfema.org\/blog\/index.php\/wp-json\/wp\/v2\/comments?post=4637"}],"version-history":[{"count":10,"href":"https:\/\/asfema.org\/blog\/index.php\/wp-json\/wp\/v2\/posts\/4637\/revisions"}],"predecessor-version":[{"id":4726,"href":"https:\/\/asfema.org\/blog\/index.php\/wp-json\/wp\/v2\/posts\/4637\/revisions\/4726"}],"wp:featuredmedia":[{"embeddable":true,"href":"https:\/\/asfema.org\/blog\/index.php\/wp-json\/wp\/v2\/media\/4650"}],"wp:attachment":[{"href":"https:\/\/asfema.org\/blog\/index.php\/wp-json\/wp\/v2\/media?parent=4637"}],"wp:term":[{"taxonomy":"category","embeddable":true,"href":"https:\/\/asfema.org\/blog\/index.php\/wp-json\/wp\/v2\/categories?post=4637"},{"taxonomy":"post_tag","embeddable":true,"href":"https:\/\/asfema.org\/blog\/index.php\/wp-json\/wp\/v2\/tags?post=4637"}],"curies":[{"name":"wp","href":"https:\/\/api.w.org\/{rel}","templated":true}]}}