{"id":4649,"date":"2020-03-19T07:09:33","date_gmt":"2020-03-19T07:09:33","guid":{"rendered":"https:\/\/asfema.org\/blog\/?p=4649"},"modified":"2020-03-31T11:33:03","modified_gmt":"2020-03-31T11:33:03","slug":"webinar-sobre-covid-19-para-metabolicos","status":"publish","type":"post","link":"https:\/\/asfema.org\/blog\/index.php\/webinar-sobre-covid-19-para-metabolicos\/","title":{"rendered":"Webinar sobre COVID-19 para metab\u00f3licos"},"content":{"rendered":"<h1><span style=\"color: #ff0000;\"><strong>CANCELACION DEL SEMINARIO<\/strong><\/span><\/h1>\n<h1><span style=\"color: #ff0000;\"><strong>Dada la situaci\u00f3n de saturaci\u00f3n y emergencia que vive la sanidad\u00a0 se CANCELA EL SEMINARIO\u00a0 sobre sars-cov2.<\/strong><\/span><\/h1>\n<p>Con la idea de responder a las preguntas que pueden surgir a nuestros metab\u00f3licos debido a al virus COVID-19, la <strong>Federaci\u00f3n Espa\u00f1ola de Enfermedades Metab\u00f3licas Hereditarias (FEEMH)<\/strong> organiza un webinar para tratar de responder las inquietudes de nuestro colectivo.<\/p>\n<p>Dicha webinar, tendr\u00e1 lugar<strong> el pr\u00f3ximo domingo 22 de Marzo a las 18:00 h<\/strong>, donde el <strong>Dr Marcello Bellusci<\/strong> de la <strong>unidad de Enfermedades Metab\u00f3licas y Mitocondriales del Hospital 12 de Octubre de Madrid<\/strong>, Centro de Referencia Estatal y perteneciente a la Red Europea MetabERN, realizar\u00e1 una Conferencia web respondiendo a nuestras inquietudes.<\/p>\n<p>Para realizar tus consultas, envia al correo electr\u00f3nico <b><a href=\"mailto:comunicacion@metabolicos.es\" target=\"_blank\" rel=\"noopener noreferrer\" data-auth=\"NotApplicable\">comunicacion@metabolicos.es<\/a> tus preguntas, e inquietudes <\/b><strong>antes de las 23,59h del viernes 20 de Marzo. El acceso al webinar se notificar\u00e1 proximamente.<\/strong><\/p>\n<p>Teneis toda la informacion en el siguiente enlace: <strong><a href=\"https:\/\/metabolicos.es\/2020\/03\/webinar-sobre-covid-19-para-los-metabolicos\/\">AQUI<\/a><\/strong>.<\/p>\n<p><strong>\u00a0<\/strong><\/p>\n","protected":false},"excerpt":{"rendered":"<p>CANCELACION DEL SEMINARIO Dada la situaci\u00f3n de saturaci\u00f3n y emergencia que vive la sanidad\u00a0 se CANCELA EL SEMINARIO\u00a0 sobre sars-cov2. Con la idea de responder a las preguntas que pueden surgir a nuestros metab\u00f3licos debido a al virus COVID-19, la Federaci\u00f3n Espa\u00f1ola de Enfermedades Metab\u00f3licas Hereditarias (FEEMH) organiza un webinar para tratar de responder las &hellip;<\/p>\n<p class=\"read-more\"> <a class=\"\" href=\"https:\/\/asfema.org\/blog\/index.php\/webinar-sobre-covid-19-para-metabolicos\/\"> <span class=\"screen-reader-text\">Webinar sobre COVID-19 para metab\u00f3licos<\/span> Read More &raquo;<\/a><\/p>\n","protected":false},"author":11,"featured_media":4650,"comment_status":"open","ping_status":"open","sticky":false,"template":"","format":"standard","meta":{"site-sidebar-layout":"default","site-content-layout":"default","ast-global-header-display":"","ast-banner-title-visibility":"","ast-main-header-display":"","ast-hfb-above-header-display":"","ast-hfb-below-header-display":"","ast-hfb-mobile-header-display":"","site-post-title":"","ast-breadcrumbs-content":"","ast-featured-img":"","footer-sml-layout":"","theme-transparent-header-meta":"","adv-header-id-meta":"","stick-header-meta":"","header-above-stick-meta":"","header-main-stick-meta":"","header-below-stick-meta":"","footnotes":""},"categories":[332,5],"tags":[495,493,365,485,498,497],"acf":[],"_links":{"self":[{"href":"https:\/\/asfema.org\/blog\/index.php\/wp-json\/wp\/v2\/posts\/4649"}],"collection":[{"href":"https:\/\/asfema.org\/blog\/index.php\/wp-json\/wp\/v2\/posts"}],"about":[{"href":"https:\/\/asfema.org\/blog\/index.php\/wp-json\/wp\/v2\/types\/post"}],"author":[{"embeddable":true,"href":"https:\/\/asfema.org\/blog\/index.php\/wp-json\/wp\/v2\/users\/11"}],"replies":[{"embeddable":true,"href":"https:\/\/asfema.org\/blog\/index.php\/wp-json\/wp\/v2\/comments?post=4649"}],"version-history":[{"count":3,"href":"https:\/\/asfema.org\/blog\/index.php\/wp-json\/wp\/v2\/posts\/4649\/revisions"}],"predecessor-version":[{"id":4656,"href":"https:\/\/asfema.org\/blog\/index.php\/wp-json\/wp\/v2\/posts\/4649\/revisions\/4656"}],"wp:featuredmedia":[{"embeddable":true,"href":"https:\/\/asfema.org\/blog\/index.php\/wp-json\/wp\/v2\/media\/4650"}],"wp:attachment":[{"href":"https:\/\/asfema.org\/blog\/index.php\/wp-json\/wp\/v2\/media?parent=4649"}],"wp:term":[{"taxonomy":"category","embeddable":true,"href":"https:\/\/asfema.org\/blog\/index.php\/wp-json\/wp\/v2\/categories?post=4649"},{"taxonomy":"post_tag","embeddable":true,"href":"https:\/\/asfema.org\/blog\/index.php\/wp-json\/wp\/v2\/tags?post=4649"}],"curies":[{"name":"wp","href":"https:\/\/api.w.org\/{rel}","templated":true}]}}