{"id":4658,"date":"2020-03-31T11:39:48","date_gmt":"2020-03-31T11:39:48","guid":{"rendered":"https:\/\/asfema.org\/blog\/?p=4658"},"modified":"2020-06-01T05:59:02","modified_gmt":"2020-06-01T05:59:02","slug":"cierre-de-local-sabado-4-de-abril-de-2020","status":"publish","type":"post","link":"https:\/\/asfema.org\/blog\/index.php\/cierre-de-local-sabado-4-de-abril-de-2020\/","title":{"rendered":"Sabado de apertura Abril, Mayo y Junio de 2020 &#8211; Local cerrado por COVID19"},"content":{"rendered":"<p>Debido al estado de alarma prolongado que ahora mismo padecemos, os indicamos que los proximos sabados de apertura,\u00a0<span style=\"color: #0000ff;\"><em><strong> de Abril, Mayo y Junio de 2020, el local permanecera CERRADO.<\/strong><\/em><\/span><\/p>\n<p>Os adjuntamos recordatorio de las condiciones actuales del servicio de atenci\u00f3n y dispensaci\u00f3n de alimentos de nuestra asociaci\u00f3n.<\/p>\n<blockquote class=\"wp-embedded-content\" data-secret=\"f64hfJA6Mw\"><p><a href=\"https:\/\/asfema.org\/blog\/index.php\/cierre-del-acceso-al-local-de-asfema\/\">Cierre de acceso al local de ASFEMA (hasta 3 de Junio 2020)<\/a><\/p><\/blockquote>\n<p><iframe class=\"wp-embedded-content\" sandbox=\"allow-scripts\" security=\"restricted\" style=\"position: absolute; clip: rect(1px, 1px, 1px, 1px);\" title=\"&#8220;Cierre de acceso al local de ASFEMA (hasta 3 de Junio 2020)&#8221; &#8212; ASFEMA - Asociaci\u00f3n de Familias con Enfermedades Metab\u00f3licas de Madrid\" src=\"https:\/\/asfema.org\/blog\/index.php\/cierre-del-acceso-al-local-de-asfema\/embed\/#?secret=8dh1sMb55A#?secret=f64hfJA6Mw\" data-secret=\"f64hfJA6Mw\" width=\"500\" height=\"282\" frameborder=\"0\" marginwidth=\"0\" marginheight=\"0\" scrolling=\"no\"><\/iframe><\/p>\n","protected":false},"excerpt":{"rendered":"<p>Debido al estado de alarma prolongado que ahora mismo padecemos, os indicamos que los proximos sabados de apertura,\u00a0 de Abril, Mayo y Junio de 2020, el local permanecera CERRADO. Os adjuntamos recordatorio de las condiciones actuales del servicio de atenci\u00f3n y dispensaci\u00f3n de alimentos de nuestra asociaci\u00f3n. Cierre de acceso al local de ASFEMA (hasta &hellip;<\/p>\n<p class=\"read-more\"> <a class=\"\" href=\"https:\/\/asfema.org\/blog\/index.php\/cierre-de-local-sabado-4-de-abril-de-2020\/\"> <span class=\"screen-reader-text\">Sabado de apertura Abril, Mayo y Junio de 2020 &#8211; Local cerrado por COVID19<\/span> Read More &raquo;<\/a><\/p>\n","protected":false},"author":11,"featured_media":4650,"comment_status":"open","ping_status":"open","sticky":false,"template":"","format":"standard","meta":{"site-sidebar-layout":"default","site-content-layout":"default","ast-global-header-display":"","ast-banner-title-visibility":"","ast-main-header-display":"","ast-hfb-above-header-display":"","ast-hfb-below-header-display":"","ast-hfb-mobile-header-display":"","site-post-title":"","ast-breadcrumbs-content":"","ast-featured-img":"","footer-sml-layout":"","theme-transparent-header-meta":"","adv-header-id-meta":"","stick-header-meta":"","header-above-stick-meta":"","header-main-stick-meta":"","header-below-stick-meta":"","footnotes":""},"categories":[332,328,5],"tags":[10,499,500,495,494,493,148],"acf":[],"_links":{"self":[{"href":"https:\/\/asfema.org\/blog\/index.php\/wp-json\/wp\/v2\/posts\/4658"}],"collection":[{"href":"https:\/\/asfema.org\/blog\/index.php\/wp-json\/wp\/v2\/posts"}],"about":[{"href":"https:\/\/asfema.org\/blog\/index.php\/wp-json\/wp\/v2\/types\/post"}],"author":[{"embeddable":true,"href":"https:\/\/asfema.org\/blog\/index.php\/wp-json\/wp\/v2\/users\/11"}],"replies":[{"embeddable":true,"href":"https:\/\/asfema.org\/blog\/index.php\/wp-json\/wp\/v2\/comments?post=4658"}],"version-history":[{"count":5,"href":"https:\/\/asfema.org\/blog\/index.php\/wp-json\/wp\/v2\/posts\/4658\/revisions"}],"predecessor-version":[{"id":4722,"href":"https:\/\/asfema.org\/blog\/index.php\/wp-json\/wp\/v2\/posts\/4658\/revisions\/4722"}],"wp:featuredmedia":[{"embeddable":true,"href":"https:\/\/asfema.org\/blog\/index.php\/wp-json\/wp\/v2\/media\/4650"}],"wp:attachment":[{"href":"https:\/\/asfema.org\/blog\/index.php\/wp-json\/wp\/v2\/media?parent=4658"}],"wp:term":[{"taxonomy":"category","embeddable":true,"href":"https:\/\/asfema.org\/blog\/index.php\/wp-json\/wp\/v2\/categories?post=4658"},{"taxonomy":"post_tag","embeddable":true,"href":"https:\/\/asfema.org\/blog\/index.php\/wp-json\/wp\/v2\/tags?post=4658"}],"curies":[{"name":"wp","href":"https:\/\/api.w.org\/{rel}","templated":true}]}}