{"id":4719,"date":"2020-06-01T05:56:56","date_gmt":"2020-06-01T05:56:56","guid":{"rendered":"https:\/\/asfema.org\/blog\/?p=4719"},"modified":"2020-06-01T06:10:54","modified_gmt":"2020-06-01T06:10:54","slug":"normas-para-proxima-re-apertura-del-banco-de-alimentos-3-junio","status":"publish","type":"post","link":"https:\/\/asfema.org\/blog\/index.php\/normas-para-proxima-re-apertura-del-banco-de-alimentos-3-junio\/","title":{"rendered":"Normas para proxima re-apertura del banco de alimentos (3-Junio)"},"content":{"rendered":"<div>\n<p>A partir del pr\u00f3ximo d\u00eda <strong>3 de junio<\/strong> el <strong>banco de alimentos estar\u00e1 disponible en los horarios habituales<\/strong> con las siguientes normas:<\/p>\n<div><\/div>\n<\/div>\n<div>\n<ul>\n<li>Solo entrar\u00e1 una persona y hasta que no abandone el local\u00a0 no entrar\u00e1 la siguiente.<\/li>\n<li>Todos los productos ser\u00e1n dispensados por Fede.<\/li>\n<li>Se mantendr\u00e1 la distancia al mostrador marcada en el suelo<\/li>\n<li>Habr\u00e1 un gel hidroalcoh\u00f3lico disponible para quien lo necesite.<\/li>\n<li>Pagos preferiblemente con tarjeta.<\/li>\n<\/ul>\n<div><\/div>\n<\/div>\n<div>*Los portes volver\u00e1n a tener su precio habitual, 10 \u20ac para env\u00edos en la Comunidad de Madrid y 15\u20ac para el resto de la Comunidades Aut\u00f3nomas.<\/div>\n<div>*La apertura de los s\u00e1bados se mantendr\u00e1 cerrada hasta pr\u00f3ximo aviso.<\/div>\n","protected":false},"excerpt":{"rendered":"<p>A partir del pr\u00f3ximo d\u00eda 3 de junio el banco de alimentos estar\u00e1 disponible en los horarios habituales con las siguientes normas: Solo entrar\u00e1 una persona y hasta que no abandone el local\u00a0 no entrar\u00e1 la siguiente. Todos los productos ser\u00e1n dispensados por Fede. Se mantendr\u00e1 la distancia al mostrador marcada en el suelo Habr\u00e1 &hellip;<\/p>\n<p class=\"read-more\"> <a class=\"\" href=\"https:\/\/asfema.org\/blog\/index.php\/normas-para-proxima-re-apertura-del-banco-de-alimentos-3-junio\/\"> <span class=\"screen-reader-text\">Normas para proxima re-apertura del banco de alimentos (3-Junio)<\/span> Read More &raquo;<\/a><\/p>\n","protected":false},"author":11,"featured_media":4534,"comment_status":"open","ping_status":"open","sticky":false,"template":"","format":"standard","meta":{"site-sidebar-layout":"default","site-content-layout":"default","ast-global-header-display":"","ast-banner-title-visibility":"","ast-main-header-display":"","ast-hfb-above-header-display":"","ast-hfb-below-header-display":"","ast-hfb-mobile-header-display":"","site-post-title":"","ast-breadcrumbs-content":"","ast-featured-img":"","footer-sml-layout":"","theme-transparent-header-meta":"","adv-header-id-meta":"","stick-header-meta":"","header-above-stick-meta":"","header-main-stick-meta":"","header-below-stick-meta":"","footnotes":""},"categories":[332,328,5],"tags":[10,499,495,494,244],"acf":[],"_links":{"self":[{"href":"https:\/\/asfema.org\/blog\/index.php\/wp-json\/wp\/v2\/posts\/4719"}],"collection":[{"href":"https:\/\/asfema.org\/blog\/index.php\/wp-json\/wp\/v2\/posts"}],"about":[{"href":"https:\/\/asfema.org\/blog\/index.php\/wp-json\/wp\/v2\/types\/post"}],"author":[{"embeddable":true,"href":"https:\/\/asfema.org\/blog\/index.php\/wp-json\/wp\/v2\/users\/11"}],"replies":[{"embeddable":true,"href":"https:\/\/asfema.org\/blog\/index.php\/wp-json\/wp\/v2\/comments?post=4719"}],"version-history":[{"count":3,"href":"https:\/\/asfema.org\/blog\/index.php\/wp-json\/wp\/v2\/posts\/4719\/revisions"}],"predecessor-version":[{"id":4727,"href":"https:\/\/asfema.org\/blog\/index.php\/wp-json\/wp\/v2\/posts\/4719\/revisions\/4727"}],"wp:featuredmedia":[{"embeddable":true,"href":"https:\/\/asfema.org\/blog\/index.php\/wp-json\/wp\/v2\/media\/4534"}],"wp:attachment":[{"href":"https:\/\/asfema.org\/blog\/index.php\/wp-json\/wp\/v2\/media?parent=4719"}],"wp:term":[{"taxonomy":"category","embeddable":true,"href":"https:\/\/asfema.org\/blog\/index.php\/wp-json\/wp\/v2\/categories?post=4719"},{"taxonomy":"post_tag","embeddable":true,"href":"https:\/\/asfema.org\/blog\/index.php\/wp-json\/wp\/v2\/tags?post=4719"}],"curies":[{"name":"wp","href":"https:\/\/api.w.org\/{rel}","templated":true}]}}