{"id":4729,"date":"2020-06-10T05:46:41","date_gmt":"2020-06-10T05:46:41","guid":{"rendered":"https:\/\/asfema.org\/blog\/?p=4729"},"modified":"2022-02-27T19:29:42","modified_gmt":"2022-02-27T19:29:42","slug":"recuperacion-de-horario-habitual-asfema-salvo-sabados","status":"publish","type":"post","link":"https:\/\/asfema.org\/blog\/index.php\/recuperacion-de-horario-habitual-asfema-salvo-sabados\/","title":{"rendered":"Recuperaci\u00f3n de horario habitual ASFEMA (Salvo Sabados)"},"content":{"rendered":"<p>En <strong>ASFEMA<\/strong>, tras el paso de fase y haber acondicionado el local, <strong>ya se puede volver a ir presencialmente<\/strong> y\u00a0 con los mismos horarios de siempre, como ya os indicamos y desde el pasado 3 de Junio en esta otra <strong><a href=\"https:\/\/asfema.org\/blog\/index.php\/normas-para-proxima-re-apertura-del-banco-de-alimentos-3-junio\/\">entrada<\/a><\/strong>:<\/p>\n<ul>\n<li><strong>TARDE:\u00a0 \u00a0 Mi\u00e9rcoles 16:00-20:00 y<\/strong><\/li>\n<li><strong>MA\u00d1ANA: Jueves 10:00-14:00<\/strong><\/li>\n<\/ul>\n<p>Aunque de momento,\u00a0<strong> seguiremos sin abrir los s\u00e1bados<\/strong>,\u00a0 pues no podr\u00edamos reunirnos y ese, es justo su objetivo.<\/p>\n<p>Ya no hace falta hacer el pedido previamente y en los env\u00edos por correo, los portes vuelven a tener el precio de antes de la Covid-19, a <strong>10\u20ac\u00a0 a la C. Madrid y 15 \u20ac al resto de Comunidades.<\/strong><\/p>\n<p>Se puede ir como siempre, aunque mantendremos las medidas de seguridad en cuanto a distancia y no se permitir\u00e1 que haya mucha gente dentro, o que jueguen los ni\u00f1os en la zona infantil y sobre todo, que se toquen los productos, por ello, Fede os coger\u00e1 todo lo que le pid\u00e1is.<\/p>\n<p>Ya sab\u00e9is que pod\u00e9is preguntar cualquier duda en esos mismos horarios al <strong>670223805<\/strong> y consultar cualquier cosa en nuestra web: <a href=\"http:\/\/www.asfema.org\"><strong>www.asfema.org<\/strong><\/a><\/p>\n","protected":false},"excerpt":{"rendered":"<p>En ASFEMA, tras el paso de fase y haber acondicionado el local, ya se puede volver a ir presencialmente y\u00a0 con los mismos horarios de siempre, como ya os indicamos y desde el pasado 3 de Junio en esta otra entrada: TARDE:\u00a0 \u00a0 Mi\u00e9rcoles 16:00-20:00 y MA\u00d1ANA: Jueves 10:00-14:00 Aunque de momento,\u00a0 seguiremos sin abrir &hellip;<\/p>\n<p class=\"read-more\"> <a class=\"\" href=\"https:\/\/asfema.org\/blog\/index.php\/recuperacion-de-horario-habitual-asfema-salvo-sabados\/\"> <span class=\"screen-reader-text\">Recuperaci\u00f3n de horario habitual ASFEMA (Salvo Sabados)<\/span> Read More &raquo;<\/a><\/p>\n","protected":false},"author":11,"featured_media":4534,"comment_status":"open","ping_status":"open","sticky":false,"template":"","format":"standard","meta":{"site-sidebar-layout":"default","site-content-layout":"default","ast-global-header-display":"","ast-banner-title-visibility":"","ast-main-header-display":"","ast-hfb-above-header-display":"","ast-hfb-below-header-display":"","ast-hfb-mobile-header-display":"","site-post-title":"","ast-breadcrumbs-content":"","ast-featured-img":"","footer-sml-layout":"","theme-transparent-header-meta":"","adv-header-id-meta":"","stick-header-meta":"","header-above-stick-meta":"","header-main-stick-meta":"","header-below-stick-meta":"","footnotes":""},"categories":[332,5],"tags":[499,495,493,244],"acf":[],"_links":{"self":[{"href":"https:\/\/asfema.org\/blog\/index.php\/wp-json\/wp\/v2\/posts\/4729"}],"collection":[{"href":"https:\/\/asfema.org\/blog\/index.php\/wp-json\/wp\/v2\/posts"}],"about":[{"href":"https:\/\/asfema.org\/blog\/index.php\/wp-json\/wp\/v2\/types\/post"}],"author":[{"embeddable":true,"href":"https:\/\/asfema.org\/blog\/index.php\/wp-json\/wp\/v2\/users\/11"}],"replies":[{"embeddable":true,"href":"https:\/\/asfema.org\/blog\/index.php\/wp-json\/wp\/v2\/comments?post=4729"}],"version-history":[{"count":3,"href":"https:\/\/asfema.org\/blog\/index.php\/wp-json\/wp\/v2\/posts\/4729\/revisions"}],"predecessor-version":[{"id":4732,"href":"https:\/\/asfema.org\/blog\/index.php\/wp-json\/wp\/v2\/posts\/4729\/revisions\/4732"}],"wp:featuredmedia":[{"embeddable":true,"href":"https:\/\/asfema.org\/blog\/index.php\/wp-json\/wp\/v2\/media\/4534"}],"wp:attachment":[{"href":"https:\/\/asfema.org\/blog\/index.php\/wp-json\/wp\/v2\/media?parent=4729"}],"wp:term":[{"taxonomy":"category","embeddable":true,"href":"https:\/\/asfema.org\/blog\/index.php\/wp-json\/wp\/v2\/categories?post=4729"},{"taxonomy":"post_tag","embeddable":true,"href":"https:\/\/asfema.org\/blog\/index.php\/wp-json\/wp\/v2\/tags?post=4729"}],"curies":[{"name":"wp","href":"https:\/\/api.w.org\/{rel}","templated":true}]}}