{"id":4749,"date":"2020-06-19T06:10:45","date_gmt":"2020-06-19T06:10:45","guid":{"rendered":"https:\/\/asfema.org\/blog\/?p=4749"},"modified":"2020-06-19T06:10:45","modified_gmt":"2020-06-19T06:10:45","slug":"asamblea-general-ordinaria-2020","status":"publish","type":"post","link":"https:\/\/asfema.org\/blog\/index.php\/asamblea-general-ordinaria-2020\/","title":{"rendered":"Asamblea general ordinaria 2020"},"content":{"rendered":"<p>Querid@s soci@s:<\/p>\n<p>Por la presente, la Junta Directiva de ASFEMA comunica que la<strong> Asamblea General Ordinaria de 2020<\/strong> tendr\u00e1 lugar el pr\u00f3ximo d\u00eda <strong>viernes 3 de Julio<\/strong>, a las <strong>20:00<\/strong> horas en primera convocatoria, y a las <strong>20:15<\/strong> en segunda convocatoria.<br \/>\n<strong><u>\u00a1IMPORTANTE!<\/u><\/strong>\u00a0 \u00a0\u00a0<u>Debido a la coyuntura actual provocada por la COVID-19, no podemos realizarla presencialmente, por\u00a0 lo que la vamos a realizar de manera virtual, a trav\u00e9s de la plataforma Zoom. En d\u00edas y momentos previos, os enviaremos el enlace a la reuni\u00f3n.<\/u><br \/>\nSi no te es posible asistir a la misma, puedes delegar tu voto en cualquier otro socio, rellenando el formulario que se encuentra en: <a title=\"Delegaci\u00f3n de voto\" href=\"https:\/\/asfema.us5.list-manage.com\/track\/click?u=755c347bff48a967a63bd271e&amp;id=72c52f0600&amp;e=3e5c56d464\" target=\"_blank\" rel=\"noopener noreferrer\" data-saferedirecturl=\"https:\/\/www.google.com\/url?q=https:\/\/asfema.us5.list-manage.com\/track\/click?u%3D755c347bff48a967a63bd271e%26id%3D72c52f0600%26e%3D3e5c56d464&amp;source=gmail&amp;ust=1592633265476000&amp;usg=AFQjCNHSzEZb9qvcln1kZnG0HLFcuXX4Og\">https:\/\/asfema.org\/blog\/wp-<wbr \/>content\/uploads\/2014\/06\/<wbr \/>delegacion-de-voto-asamblea-<wbr \/>general.pdf<\/a> \u00a0y <u>enviando una copia a:<\/u> <a href=\"mailto:contacto@asfema.org\" target=\"_blank\" rel=\"noopener noreferrer\">contacto@asfema.org<\/a> .<br \/>\nRecordamos que, conforme a <a title=\"Estatutos de ASFEMA \u2013 Asociaci\u00f3n de Fenilceton\u00faricos y OTM de Madrid\" href=\"https:\/\/asfema.us5.list-manage.com\/track\/click?u=755c347bff48a967a63bd271e&amp;id=6a2d29b272&amp;e=3e5c56d464\" target=\"_blank\" rel=\"noopener noreferrer\" data-saferedirecturl=\"https:\/\/www.google.com\/url?q=https:\/\/asfema.us5.list-manage.com\/track\/click?u%3D755c347bff48a967a63bd271e%26id%3D6a2d29b272%26e%3D3e5c56d464&amp;source=gmail&amp;ust=1592633265476000&amp;usg=AFQjCNGKpnxZAFVHhZi23tPbqWLoEaq0fw\">nuestros estatutos<\/a>, tendr\u00e1n derecho a voto, todos los socios de ASFEMA mayores de 16 a\u00f1os, o en su defecto, si fuera menor de esa edad, su representante legal (padre, madre o tutor), <u>siempre que est\u00e9n al corriente de pago de, al menos, la primera cuota de 2020.<\/u><br \/>\nEl <strong>orden del d\u00eda<\/strong> propuesto ser\u00e1 el siguiente:<\/p>\n<ul>\n<li>Lectura y aprobaci\u00f3n del anterior acta<\/li>\n<li>Informe cuentas 2019<\/li>\n<li>Memoria de actividades 2019<\/li>\n<li>Valoraci\u00f3n de actividades por socios<\/li>\n<li>Actividades J\u00f3venes y valoraci\u00f3n<\/li>\n<li>Presupuesto 2021<\/li>\n<li>Proyecto 2021 \u2013 Congreso ESPKU en Madrid<\/li>\n<\/ul>\n<p>La duraci\u00f3n total de la asamblea ser\u00e1 de un m\u00e1ximo de <strong>2 horas<\/strong>.<br \/>\nQuedamos a vuestra disposici\u00f3n para cualquier aclaraci\u00f3n necesaria.<\/p>\n<p>La Junta Directiva\u00a0\u00a0\u00a0\u00a0\u00a0\u00a0\u00a0\u00a0\u00a0\u00a0\u00a0\u00a0\u00a0\u00a0\u00a0\u00a0\u00a0\u00a0\u00a0\u00a0\u00a0<wbr \/><\/p>\n","protected":false},"excerpt":{"rendered":"<p>Querid@s soci@s: Por la presente, la Junta Directiva de ASFEMA comunica que la Asamblea General Ordinaria de 2020 tendr\u00e1 lugar el pr\u00f3ximo d\u00eda viernes 3 de Julio, a las 20:00 horas en primera convocatoria, y a las 20:15 en segunda convocatoria. \u00a1IMPORTANTE!\u00a0 \u00a0\u00a0Debido a la coyuntura actual provocada por la COVID-19, no podemos realizarla presencialmente, &hellip;<\/p>\n<p class=\"read-more\"> <a class=\"\" href=\"https:\/\/asfema.org\/blog\/index.php\/asamblea-general-ordinaria-2020\/\"> <span class=\"screen-reader-text\">Asamblea general ordinaria 2020<\/span> Read More &raquo;<\/a><\/p>\n","protected":false},"author":11,"featured_media":4552,"comment_status":"open","ping_status":"open","sticky":false,"template":"","format":"standard","meta":{"site-sidebar-layout":"default","site-content-layout":"default","ast-global-header-display":"","ast-banner-title-visibility":"","ast-main-header-display":"","ast-hfb-above-header-display":"","ast-hfb-below-header-display":"","ast-hfb-mobile-header-display":"","site-post-title":"","ast-breadcrumbs-content":"","ast-featured-img":"","footer-sml-layout":"","theme-transparent-header-meta":"","adv-header-id-meta":"","stick-header-meta":"","header-above-stick-meta":"","header-main-stick-meta":"","header-below-stick-meta":"","footnotes":""},"categories":[332,5],"tags":[58,59],"acf":[],"_links":{"self":[{"href":"https:\/\/asfema.org\/blog\/index.php\/wp-json\/wp\/v2\/posts\/4749"}],"collection":[{"href":"https:\/\/asfema.org\/blog\/index.php\/wp-json\/wp\/v2\/posts"}],"about":[{"href":"https:\/\/asfema.org\/blog\/index.php\/wp-json\/wp\/v2\/types\/post"}],"author":[{"embeddable":true,"href":"https:\/\/asfema.org\/blog\/index.php\/wp-json\/wp\/v2\/users\/11"}],"replies":[{"embeddable":true,"href":"https:\/\/asfema.org\/blog\/index.php\/wp-json\/wp\/v2\/comments?post=4749"}],"version-history":[{"count":1,"href":"https:\/\/asfema.org\/blog\/index.php\/wp-json\/wp\/v2\/posts\/4749\/revisions"}],"predecessor-version":[{"id":4750,"href":"https:\/\/asfema.org\/blog\/index.php\/wp-json\/wp\/v2\/posts\/4749\/revisions\/4750"}],"wp:featuredmedia":[{"embeddable":true,"href":"https:\/\/asfema.org\/blog\/index.php\/wp-json\/wp\/v2\/media\/4552"}],"wp:attachment":[{"href":"https:\/\/asfema.org\/blog\/index.php\/wp-json\/wp\/v2\/media?parent=4749"}],"wp:term":[{"taxonomy":"category","embeddable":true,"href":"https:\/\/asfema.org\/blog\/index.php\/wp-json\/wp\/v2\/categories?post=4749"},{"taxonomy":"post_tag","embeddable":true,"href":"https:\/\/asfema.org\/blog\/index.php\/wp-json\/wp\/v2\/tags?post=4749"}],"curies":[{"name":"wp","href":"https:\/\/api.w.org\/{rel}","templated":true}]}}