{"id":4751,"date":"2020-06-25T10:12:53","date_gmt":"2020-06-25T10:12:53","guid":{"rendered":"https:\/\/asfema.org\/blog\/?p=4751"},"modified":"2020-06-25T10:12:53","modified_gmt":"2020-06-25T10:12:53","slug":"concierto-digital-participativo-7-de-julio-12-horas","status":"publish","type":"post","link":"https:\/\/asfema.org\/blog\/index.php\/concierto-digital-participativo-7-de-julio-12-horas\/","title":{"rendered":"Concierto digital participativo 7 de julio 12 horas"},"content":{"rendered":"<p>Desde FEDER, nos invitan a todos los ni\u00f1os y ni\u00f1as de nuestro movimiento asociativo, a un <strong><u>concierto digital participativo<\/u><\/strong>. Esta actividad se enmarca dentro de un proyecto de sensibilizaci\u00f3n \u201cAsume un reto poco frecuente\u201d.<\/p>\n<p>Juntos, con esperanza, estamos consiguiendo superar la crisis actual derivada del COVID-19. Por ello, y con motivo tambi\u00e9n del inicio de las vacaciones de verano, desde FEDER proponemos una actividad de ocio inclusivo, con la que comenzar una nueva etapa llena de ilusi\u00f3n.<\/p>\n<p>La actividad consistir\u00e1 en la asistencia a un concierto interactivo en directo a trav\u00e9s de la plataforma Webex. Tendr\u00e1s que descarg\u00e1rtela para poder acceder a trav\u00e9s del enlace que\u00a0 mandaran un par de d\u00edas antes.<\/p>\n<p><u>\u00bfCu\u00e1ndo ser\u00e1?:<\/u> El d\u00eda <strong>7 de julio<\/strong> a las <strong>12 horas<\/strong>.<\/p>\n<p>Para inscribirse ,introducir\u00a0 tus datos para confirmar asistencia y se pondran en contacto contigo:<\/p>\n<ul>\n<li>Acceso al <strong>formulario de inscripci\u00f3n<\/strong>: <a href=\"https:\/\/docs.google.com\/forms\/d\/1-a5dk-HEhrIvD5VZumf0KUEx11D0M0No0aehjcIAYlA\/edit\" data-saferedirecturl=\"https:\/\/www.google.com\/url?q=https:\/\/docs.google.com\/forms\/d\/1-a5dk-HEhrIvD5VZumf0KUEx11D0M0No0aehjcIAYlA\/edit&amp;source=gmail&amp;ust=1593166054349000&amp;usg=AFQjCNH9mMQcL1SywdAQgBP8HmQfB0HzIA\">https:\/\/docs.google.com\/forms\/d\/1-a5dk-HEhrIvD5VZumf0KUEx11D0M0No0aehjcIAYlA\/edit<\/a><\/li>\n<\/ul>\n<p>El \u00faltimo d\u00eda para inscribirte ser\u00e1 el <u>2 de julio<\/u>.<\/p>\n<p>\u00a1Esperamos que lo disfrut\u00e9is!<\/p>\n","protected":false},"excerpt":{"rendered":"<p>Desde FEDER, nos invitan a todos los ni\u00f1os y ni\u00f1as de nuestro movimiento asociativo, a un concierto digital participativo. Esta actividad se enmarca dentro de un proyecto de sensibilizaci\u00f3n \u201cAsume un reto poco frecuente\u201d. Juntos, con esperanza, estamos consiguiendo superar la crisis actual derivada del COVID-19. Por ello, y con motivo tambi\u00e9n del inicio de &hellip;<\/p>\n<p class=\"read-more\"> <a class=\"\" href=\"https:\/\/asfema.org\/blog\/index.php\/concierto-digital-participativo-7-de-julio-12-horas\/\"> <span class=\"screen-reader-text\">Concierto digital participativo 7 de julio 12 horas<\/span> Read More &raquo;<\/a><\/p>\n","protected":false},"author":11,"featured_media":3358,"comment_status":"open","ping_status":"open","sticky":false,"template":"","format":"standard","meta":{"site-sidebar-layout":"default","site-content-layout":"default","ast-global-header-display":"","ast-banner-title-visibility":"","ast-main-header-display":"","ast-hfb-above-header-display":"","ast-hfb-below-header-display":"","ast-hfb-mobile-header-display":"","site-post-title":"","ast-breadcrumbs-content":"","ast-featured-img":"","footer-sml-layout":"","theme-transparent-header-meta":"","adv-header-id-meta":"","stick-header-meta":"","header-above-stick-meta":"","header-main-stick-meta":"","header-below-stick-meta":"","footnotes":""},"categories":[5],"tags":[508,416,35,368],"acf":[],"_links":{"self":[{"href":"https:\/\/asfema.org\/blog\/index.php\/wp-json\/wp\/v2\/posts\/4751"}],"collection":[{"href":"https:\/\/asfema.org\/blog\/index.php\/wp-json\/wp\/v2\/posts"}],"about":[{"href":"https:\/\/asfema.org\/blog\/index.php\/wp-json\/wp\/v2\/types\/post"}],"author":[{"embeddable":true,"href":"https:\/\/asfema.org\/blog\/index.php\/wp-json\/wp\/v2\/users\/11"}],"replies":[{"embeddable":true,"href":"https:\/\/asfema.org\/blog\/index.php\/wp-json\/wp\/v2\/comments?post=4751"}],"version-history":[{"count":1,"href":"https:\/\/asfema.org\/blog\/index.php\/wp-json\/wp\/v2\/posts\/4751\/revisions"}],"predecessor-version":[{"id":4752,"href":"https:\/\/asfema.org\/blog\/index.php\/wp-json\/wp\/v2\/posts\/4751\/revisions\/4752"}],"wp:featuredmedia":[{"embeddable":true,"href":"https:\/\/asfema.org\/blog\/index.php\/wp-json\/wp\/v2\/media\/3358"}],"wp:attachment":[{"href":"https:\/\/asfema.org\/blog\/index.php\/wp-json\/wp\/v2\/media?parent=4751"}],"wp:term":[{"taxonomy":"category","embeddable":true,"href":"https:\/\/asfema.org\/blog\/index.php\/wp-json\/wp\/v2\/categories?post=4751"},{"taxonomy":"post_tag","embeddable":true,"href":"https:\/\/asfema.org\/blog\/index.php\/wp-json\/wp\/v2\/tags?post=4751"}],"curies":[{"name":"wp","href":"https:\/\/api.w.org\/{rel}","templated":true}]}}