{"id":481,"date":"2012-06-12T14:31:29","date_gmt":"2012-06-12T14:31:29","guid":{"rendered":"https:\/\/asfema.org\/blog\/?p=481"},"modified":"2017-05-14T11:35:30","modified_gmt":"2017-05-14T11:35:30","slug":"una-madre-con-pku-ana-maria-contreras","status":"publish","type":"post","link":"https:\/\/asfema.org\/blog\/index.php\/una-madre-con-pku-ana-maria-contreras\/","title":{"rendered":"Una Madre con PKU, Ana Mar\u00eda Contreras"},"content":{"rendered":"<p>Soy Ana M\u00aa Contreras, <strong>tengo 28 a\u00f1os, soy madre de un ni\u00f1o de 3 a\u00f1os<\/strong>, <strong>y tengo fenilcetonuria<\/strong>. Mi hijo no, creo que es importante decirlo.<\/p>\n<p>Actualmente trabajo, cuido de mi hijo s\u00f3la, y hasta ahora no ha habido algo que no haya podido hacer por ser pku (excepto comer<br \/>\nchuletas jaja)<\/p>\n<p>Bromas aparte,<strong> la fenilcetonuria no marca l\u00edmites, los l\u00edmites los ponemos nosotros mismos<\/strong>, s\u00f3lo hay que luchar por\u00a0ellos, y echar en la mochila el Maxamum, donde quiera que vayamos.<\/p>\n<p>Aqu\u00ed os dejo unas fotos para ver lo estupendos que estamos mi hijo y yo:<\/p>\n<p><a href=\"https:\/\/asfema.org\/blog\/wp-content\/uploads\/2012\/06\/jose-alberto-y-yo-en-cumple.jpg\"><img decoding=\"async\" loading=\"lazy\" class=\"aligncenter size-medium wp-image-476\" title=\"jose alberto y yo en cumple\" src=\"https:\/\/asfema.org\/blog\/wp-content\/uploads\/2012\/06\/jose-alberto-y-yo-en-cumple-300x168.jpg\" alt=\"\" width=\"300\" height=\"168\" srcset=\"https:\/\/asfema.org\/blog\/wp-content\/uploads\/2012\/06\/jose-alberto-y-yo-en-cumple-300x168.jpg 300w, https:\/\/asfema.org\/blog\/wp-content\/uploads\/2012\/06\/jose-alberto-y-yo-en-cumple-250x141.jpg 250w, https:\/\/asfema.org\/blog\/wp-content\/uploads\/2012\/06\/jose-alberto-y-yo-en-cumple.jpg 640w\" sizes=\"(max-width: 300px) 100vw, 300px\" \/><\/a><\/p>\n<p><a href=\"https:\/\/asfema.org\/blog\/wp-content\/uploads\/2012\/06\/jose-alberto-y-yo-enero-reyes.jpg\"><img decoding=\"async\" loading=\"lazy\" class=\"aligncenter size-medium wp-image-477\" title=\"jose alberto y yo enero reyes\" src=\"https:\/\/asfema.org\/blog\/wp-content\/uploads\/2012\/06\/jose-alberto-y-yo-enero-reyes-300x243.jpg\" alt=\"\" width=\"300\" height=\"243\" srcset=\"https:\/\/asfema.org\/blog\/wp-content\/uploads\/2012\/06\/jose-alberto-y-yo-enero-reyes-300x243.jpg 300w, https:\/\/asfema.org\/blog\/wp-content\/uploads\/2012\/06\/jose-alberto-y-yo-enero-reyes.jpg 640w\" sizes=\"(max-width: 300px) 100vw, 300px\" \/><\/a><\/p>\n<p><a href=\"https:\/\/asfema.org\/blog\/wp-content\/uploads\/2012\/06\/ana-m-mayo-2012.jpg\"><img decoding=\"async\" loading=\"lazy\" class=\"aligncenter size-medium wp-image-478\" title=\"ana m mayo 2012\" src=\"https:\/\/asfema.org\/blog\/wp-content\/uploads\/2012\/06\/ana-m-mayo-2012-77x300.jpg\" alt=\"\" width=\"77\" height=\"300\" srcset=\"https:\/\/asfema.org\/blog\/wp-content\/uploads\/2012\/06\/ana-m-mayo-2012-77x300.jpg 77w, https:\/\/asfema.org\/blog\/wp-content\/uploads\/2012\/06\/ana-m-mayo-2012-396x1536.jpg 396w, https:\/\/asfema.org\/blog\/wp-content\/uploads\/2012\/06\/ana-m-mayo-2012-263x1024.jpg 263w, https:\/\/asfema.org\/blog\/wp-content\/uploads\/2012\/06\/ana-m-mayo-2012.jpg 400w\" sizes=\"(max-width: 77px) 100vw, 77px\" \/><\/a><\/p>\n","protected":false},"excerpt":{"rendered":"<p>Soy Ana M\u00aa Contreras, tengo 28 a\u00f1os, soy madre de un ni\u00f1o de 3 a\u00f1os, y tengo fenilcetonuria. Mi hijo no, creo que es importante decirlo. Actualmente trabajo, cuido de mi hijo s\u00f3la, y hasta ahora no ha habido algo que no haya podido hacer por ser pku (excepto comer chuletas jaja) Bromas aparte, la &hellip;<\/p>\n<p class=\"read-more\"> <a class=\"\" href=\"https:\/\/asfema.org\/blog\/index.php\/una-madre-con-pku-ana-maria-contreras\/\"> <span class=\"screen-reader-text\">Una Madre con PKU, Ana Mar\u00eda Contreras<\/span> Read More &raquo;<\/a><\/p>\n","protected":false},"author":1,"featured_media":476,"comment_status":"open","ping_status":"open","sticky":false,"template":"","format":"standard","meta":{"site-sidebar-layout":"default","site-content-layout":"default","ast-global-header-display":"","ast-banner-title-visibility":"","ast-main-header-display":"","ast-hfb-above-header-display":"","ast-hfb-below-header-display":"","ast-hfb-mobile-header-display":"","site-post-title":"","ast-breadcrumbs-content":"","ast-featured-img":"","footer-sml-layout":"","theme-transparent-header-meta":"","adv-header-id-meta":"","stick-header-meta":"","header-above-stick-meta":"","header-main-stick-meta":"","header-below-stick-meta":"","footnotes":""},"categories":[73,15],"tags":[70,18],"acf":[],"_links":{"self":[{"href":"https:\/\/asfema.org\/blog\/index.php\/wp-json\/wp\/v2\/posts\/481"}],"collection":[{"href":"https:\/\/asfema.org\/blog\/index.php\/wp-json\/wp\/v2\/posts"}],"about":[{"href":"https:\/\/asfema.org\/blog\/index.php\/wp-json\/wp\/v2\/types\/post"}],"author":[{"embeddable":true,"href":"https:\/\/asfema.org\/blog\/index.php\/wp-json\/wp\/v2\/users\/1"}],"replies":[{"embeddable":true,"href":"https:\/\/asfema.org\/blog\/index.php\/wp-json\/wp\/v2\/comments?post=481"}],"version-history":[{"count":1,"href":"https:\/\/asfema.org\/blog\/index.php\/wp-json\/wp\/v2\/posts\/481\/revisions"}],"predecessor-version":[{"id":3192,"href":"https:\/\/asfema.org\/blog\/index.php\/wp-json\/wp\/v2\/posts\/481\/revisions\/3192"}],"wp:featuredmedia":[{"embeddable":true,"href":"https:\/\/asfema.org\/blog\/index.php\/wp-json\/wp\/v2\/media\/476"}],"wp:attachment":[{"href":"https:\/\/asfema.org\/blog\/index.php\/wp-json\/wp\/v2\/media?parent=481"}],"wp:term":[{"taxonomy":"category","embeddable":true,"href":"https:\/\/asfema.org\/blog\/index.php\/wp-json\/wp\/v2\/categories?post=481"},{"taxonomy":"post_tag","embeddable":true,"href":"https:\/\/asfema.org\/blog\/index.php\/wp-json\/wp\/v2\/tags?post=481"}],"curies":[{"name":"wp","href":"https:\/\/api.w.org\/{rel}","templated":true}]}}