{"id":486,"date":"2012-06-13T08:54:10","date_gmt":"2012-06-13T08:54:10","guid":{"rendered":"https:\/\/asfema.org\/blog\/?p=486"},"modified":"2012-06-13T08:54:10","modified_gmt":"2012-06-13T08:54:10","slug":"informacion-importante-sobre-el-copago-en-dietoterapicos-y-kuvan","status":"publish","type":"post","link":"https:\/\/asfema.org\/blog\/index.php\/informacion-importante-sobre-el-copago-en-dietoterapicos-y-kuvan\/","title":{"rendered":"Informaci\u00f3n importante sobre el copago en dietoter\u00e1picos y kuvan"},"content":{"rendered":"<p>Desde la Consejer\u00eda de Sanidad y por v\u00eda del propio Consejero Javier Fern\u00e1ndez-Lasquetty, nos ha confirmado por escrito que en la propuesta de prestaci\u00f3n de servicios que son competencia de la Comunidad de Madrid, <strong>el copago tanto en alimentos dietoter\u00e1picos como en la kuvan no est\u00e1 contemplado<\/strong>.<\/p>\n<p>En definitiva, <strong>todo apunta a que no habr\u00e1 que pagar nada por ellos<\/strong>. Muy buenas noticias para todos.<\/p>\n<p>La carta lleva la firma y sello del propio consejero, que hemos omitido por no desvelar datos personales.<\/p>\n<figure id=\"attachment_487\" aria-describedby=\"caption-attachment-487\" style=\"width: 300px\" class=\"wp-caption aligncenter\"><a href=\"https:\/\/asfema.org\/blog\/wp-content\/uploads\/2012\/06\/ScreenClip-1.png\"><img decoding=\"async\" loading=\"lazy\" class=\"size-medium wp-image-487\" title=\"Carta del Consejero de Sanidad\" src=\"https:\/\/asfema.org\/blog\/wp-content\/uploads\/2012\/06\/ScreenClip-1-300x242.png\" alt=\"Carta del Consejero de Sanidad\" width=\"300\" height=\"242\" srcset=\"https:\/\/asfema.org\/blog\/wp-content\/uploads\/2012\/06\/ScreenClip-1-300x242.png 300w, https:\/\/asfema.org\/blog\/wp-content\/uploads\/2012\/06\/ScreenClip-1-768x621.png 768w, https:\/\/asfema.org\/blog\/wp-content\/uploads\/2012\/06\/ScreenClip-1.png 880w\" sizes=\"(max-width: 300px) 100vw, 300px\" \/><\/a><figcaption id=\"caption-attachment-487\" class=\"wp-caption-text\">Carta del Consejero de Sanidad<\/figcaption><\/figure>\n","protected":false},"excerpt":{"rendered":"<p>Desde la Consejer\u00eda de Sanidad y por v\u00eda del propio Consejero Javier Fern\u00e1ndez-Lasquetty, nos ha confirmado por escrito que en la propuesta de prestaci\u00f3n de servicios que son competencia de la Comunidad de Madrid, el copago tanto en alimentos dietoter\u00e1picos como en la kuvan no est\u00e1 contemplado. En definitiva, todo apunta a que no habr\u00e1 &hellip;<\/p>\n<p class=\"read-more\"> <a class=\"\" href=\"https:\/\/asfema.org\/blog\/index.php\/informacion-importante-sobre-el-copago-en-dietoterapicos-y-kuvan\/\"> <span class=\"screen-reader-text\">Informaci\u00f3n importante sobre el copago en dietoter\u00e1picos y kuvan<\/span> Read More &raquo;<\/a><\/p>\n","protected":false},"author":1,"featured_media":0,"comment_status":"open","ping_status":"open","sticky":false,"template":"","format":"standard","meta":{"site-sidebar-layout":"default","site-content-layout":"default","ast-global-header-display":"","ast-banner-title-visibility":"","ast-main-header-display":"","ast-hfb-above-header-display":"","ast-hfb-below-header-display":"","ast-hfb-mobile-header-display":"","site-post-title":"","ast-breadcrumbs-content":"","ast-featured-img":"","footer-sml-layout":"","theme-transparent-header-meta":"","adv-header-id-meta":"","stick-header-meta":"","header-above-stick-meta":"","header-main-stick-meta":"","header-below-stick-meta":"","footnotes":""},"categories":[5],"tags":[50],"acf":[],"_links":{"self":[{"href":"https:\/\/asfema.org\/blog\/index.php\/wp-json\/wp\/v2\/posts\/486"}],"collection":[{"href":"https:\/\/asfema.org\/blog\/index.php\/wp-json\/wp\/v2\/posts"}],"about":[{"href":"https:\/\/asfema.org\/blog\/index.php\/wp-json\/wp\/v2\/types\/post"}],"author":[{"embeddable":true,"href":"https:\/\/asfema.org\/blog\/index.php\/wp-json\/wp\/v2\/users\/1"}],"replies":[{"embeddable":true,"href":"https:\/\/asfema.org\/blog\/index.php\/wp-json\/wp\/v2\/comments?post=486"}],"version-history":[{"count":0,"href":"https:\/\/asfema.org\/blog\/index.php\/wp-json\/wp\/v2\/posts\/486\/revisions"}],"wp:attachment":[{"href":"https:\/\/asfema.org\/blog\/index.php\/wp-json\/wp\/v2\/media?parent=486"}],"wp:term":[{"taxonomy":"category","embeddable":true,"href":"https:\/\/asfema.org\/blog\/index.php\/wp-json\/wp\/v2\/categories?post=486"},{"taxonomy":"post_tag","embeddable":true,"href":"https:\/\/asfema.org\/blog\/index.php\/wp-json\/wp\/v2\/tags?post=486"}],"curies":[{"name":"wp","href":"https:\/\/api.w.org\/{rel}","templated":true}]}}