{"id":5096,"date":"2022-07-05T10:59:47","date_gmt":"2022-07-05T10:59:47","guid":{"rendered":"https:\/\/asfema.org\/blog\/?p=5096"},"modified":"2022-07-05T10:59:47","modified_gmt":"2022-07-05T10:59:47","slug":"cerramos-por-vacaciones","status":"publish","type":"post","link":"https:\/\/asfema.org\/blog\/index.php\/cerramos-por-vacaciones\/","title":{"rendered":"Cerramos por vacaciones"},"content":{"rendered":"<hr \/>\n<p>Informaros que los pr\u00f3ximos d\u00edas <strong>20, 21, 27 y 28 de julio<\/strong> el banco de alimentos permanecer\u00e1 cerrado por motivos vacacionales.<\/p>\n<p>Tampoco\u00a0 se abrir\u00e1 el primer s\u00e1bado de agosto d\u00eda 6.<\/p>\n<p>&nbsp;<\/p>\n<p>&nbsp;<\/p>\n","protected":false},"excerpt":{"rendered":"<p>Informaros que los pr\u00f3ximos d\u00edas 20, 21, 27 y 28 de julio el banco de alimentos permanecer\u00e1 cerrado por motivos vacacionales. Tampoco\u00a0 se abrir\u00e1 el primer s\u00e1bado de agosto d\u00eda 6. &nbsp; &nbsp;<\/p>\n","protected":false},"author":3,"featured_media":0,"comment_status":"open","ping_status":"open","sticky":false,"template":"","format":"standard","meta":{"site-sidebar-layout":"default","site-content-layout":"default","ast-global-header-display":"","ast-banner-title-visibility":"","ast-main-header-display":"","ast-hfb-above-header-display":"","ast-hfb-below-header-display":"","ast-hfb-mobile-header-display":"","site-post-title":"","ast-breadcrumbs-content":"","ast-featured-img":"","footer-sml-layout":"","theme-transparent-header-meta":"","adv-header-id-meta":"","stick-header-meta":"","header-above-stick-meta":"","header-main-stick-meta":"","header-below-stick-meta":"","footnotes":""},"categories":[332],"tags":[],"acf":[],"_links":{"self":[{"href":"https:\/\/asfema.org\/blog\/index.php\/wp-json\/wp\/v2\/posts\/5096"}],"collection":[{"href":"https:\/\/asfema.org\/blog\/index.php\/wp-json\/wp\/v2\/posts"}],"about":[{"href":"https:\/\/asfema.org\/blog\/index.php\/wp-json\/wp\/v2\/types\/post"}],"author":[{"embeddable":true,"href":"https:\/\/asfema.org\/blog\/index.php\/wp-json\/wp\/v2\/users\/3"}],"replies":[{"embeddable":true,"href":"https:\/\/asfema.org\/blog\/index.php\/wp-json\/wp\/v2\/comments?post=5096"}],"version-history":[{"count":3,"href":"https:\/\/asfema.org\/blog\/index.php\/wp-json\/wp\/v2\/posts\/5096\/revisions"}],"predecessor-version":[{"id":5100,"href":"https:\/\/asfema.org\/blog\/index.php\/wp-json\/wp\/v2\/posts\/5096\/revisions\/5100"}],"wp:attachment":[{"href":"https:\/\/asfema.org\/blog\/index.php\/wp-json\/wp\/v2\/media?parent=5096"}],"wp:term":[{"taxonomy":"category","embeddable":true,"href":"https:\/\/asfema.org\/blog\/index.php\/wp-json\/wp\/v2\/categories?post=5096"},{"taxonomy":"post_tag","embeddable":true,"href":"https:\/\/asfema.org\/blog\/index.php\/wp-json\/wp\/v2\/tags?post=5096"}],"curies":[{"name":"wp","href":"https:\/\/api.w.org\/{rel}","templated":true}]}}