{"id":5130,"date":"2023-01-13T13:19:24","date_gmt":"2023-01-13T13:19:24","guid":{"rendered":"https:\/\/asfema.org\/blog\/?p=5130"},"modified":"2023-01-13T13:19:24","modified_gmt":"2023-01-13T13:19:24","slug":"sesion-informativa-aline-leonardo-nutricion-metabolica","status":"publish","type":"post","link":"https:\/\/asfema.org\/blog\/index.php\/sesion-informativa-aline-leonardo-nutricion-metabolica\/","title":{"rendered":"Sesi\u00f3n informativa Aline Leonardo &#8211; Nutrici\u00f3n metab\u00f3lica"},"content":{"rendered":"<p><a href=\"http:\/\/asfema.org\/blog\/wp-content\/uploads\/2017\/05\/aline.jpg\"><img decoding=\"async\" loading=\"lazy\" class=\"aligncenter wp-image-3129 \" src=\"http:\/\/asfema.org\/blog\/wp-content\/uploads\/2017\/05\/aline.jpg\" alt=\"\" width=\"390\" height=\"162\" srcset=\"https:\/\/asfema.org\/blog\/wp-content\/uploads\/2017\/05\/aline.jpg 864w, https:\/\/asfema.org\/blog\/wp-content\/uploads\/2017\/05\/aline-768x319.jpg 768w\" sizes=\"(max-width: 390px) 100vw, 390px\" \/><\/a><\/p>\n<p><span style=\"color: #000000;\">Quer\u00edamos informaros de que hemos organizado una sesi\u00f3n para que <strong>Aline Leonardo<\/strong>, la nutricionista\/dietista\/cocinera que lleva tanto tiempo trabajando con nosotros, los metab\u00f3lic@s, nos informe sobre las &#8220;<strong>consultas personales<\/strong>&#8221; que va a empezar a dar sobre &#8220;<strong>nutrici\u00f3n\u00a0 metab\u00f3lica&#8221;<\/strong>\u00a0enfocadas a:<\/span><\/p>\n<ul>\n<li><span style=\"color: #000000;\">Ni\u00f1@s<\/span><\/li>\n<li><span style=\"color: #000000;\">Adolescentes<\/span><\/li>\n<li><span style=\"color: #000000;\">Adultos<\/span><\/li>\n<li><span style=\"color: #000000;\">Mujeres en estado gestacional<\/span><\/li>\n<\/ul>\n<p><span style=\"color: #000000;\">Y adem\u00e1s, nos har\u00e1 unos platos para dietas y bajos en prote\u00ednas en directo.<\/span><\/p>\n<p>No hace falta inscripci\u00f3n.<\/p>\n<p><span style=\"color: #000000;\">Se har\u00e1 el d\u00eda:<\/span><\/p>\n<h2 style=\"text-align: center;\"><span style=\"color: #0000ff;\">S\u00e1bado 28 Enero 2022 de 10:00h-14:00h<\/span><\/h2>\n<h2 style=\"text-align: center;\"><span style=\"color: #0000ff;\">En &#8220;Espacio C\u00edvico Zigia&#8221; <\/span><\/h2>\n<p><span style=\"color: #000000;\">donde se hizo la \u00faltima fiesta de Reyes, <\/span><span style=\"color: #000000;\">situado en:<\/span><\/p>\n<h2 style=\"text-align: center;\"><span style=\"color: #0000ff;\">Calle Zigia 28 &#8211; Madrid<\/span><\/h2>\n<p><span style=\"color: #000000;\">Animaos a asistir!!<\/span><\/p>\n","protected":false},"excerpt":{"rendered":"<p>Quer\u00edamos informaros de que hemos organizado una sesi\u00f3n para que Aline Leonardo, la nutricionista\/dietista\/cocinera que lleva tanto tiempo trabajando con nosotros, los metab\u00f3lic@s, nos informe sobre las &#8220;consultas personales&#8221; que va a empezar a dar sobre &#8220;nutrici\u00f3n\u00a0 metab\u00f3lica&#8221;\u00a0enfocadas a: Ni\u00f1@s Adolescentes Adultos Mujeres en estado gestacional Y adem\u00e1s, nos har\u00e1 unos platos para dietas y &hellip;<\/p>\n<p class=\"read-more\"> <a class=\"\" href=\"https:\/\/asfema.org\/blog\/index.php\/sesion-informativa-aline-leonardo-nutricion-metabolica\/\"> <span class=\"screen-reader-text\">Sesi\u00f3n informativa Aline Leonardo &#8211; Nutrici\u00f3n metab\u00f3lica<\/span> Read More &raquo;<\/a><\/p>\n","protected":false},"author":11,"featured_media":3129,"comment_status":"open","ping_status":"open","sticky":false,"template":"","format":"standard","meta":{"site-sidebar-layout":"default","site-content-layout":"default","ast-global-header-display":"","ast-banner-title-visibility":"","ast-main-header-display":"","ast-hfb-above-header-display":"","ast-hfb-below-header-display":"","ast-hfb-mobile-header-display":"","site-post-title":"","ast-breadcrumbs-content":"","ast-featured-img":"","footer-sml-layout":"","theme-transparent-header-meta":"","adv-header-id-meta":"","stick-header-meta":"","header-above-stick-meta":"","header-main-stick-meta":"","header-below-stick-meta":"","footnotes":""},"categories":[200,5],"tags":[274,534,535],"acf":[],"_links":{"self":[{"href":"https:\/\/asfema.org\/blog\/index.php\/wp-json\/wp\/v2\/posts\/5130"}],"collection":[{"href":"https:\/\/asfema.org\/blog\/index.php\/wp-json\/wp\/v2\/posts"}],"about":[{"href":"https:\/\/asfema.org\/blog\/index.php\/wp-json\/wp\/v2\/types\/post"}],"author":[{"embeddable":true,"href":"https:\/\/asfema.org\/blog\/index.php\/wp-json\/wp\/v2\/users\/11"}],"replies":[{"embeddable":true,"href":"https:\/\/asfema.org\/blog\/index.php\/wp-json\/wp\/v2\/comments?post=5130"}],"version-history":[{"count":0,"href":"https:\/\/asfema.org\/blog\/index.php\/wp-json\/wp\/v2\/posts\/5130\/revisions"}],"wp:featuredmedia":[{"embeddable":true,"href":"https:\/\/asfema.org\/blog\/index.php\/wp-json\/wp\/v2\/media\/3129"}],"wp:attachment":[{"href":"https:\/\/asfema.org\/blog\/index.php\/wp-json\/wp\/v2\/media?parent=5130"}],"wp:term":[{"taxonomy":"category","embeddable":true,"href":"https:\/\/asfema.org\/blog\/index.php\/wp-json\/wp\/v2\/categories?post=5130"},{"taxonomy":"post_tag","embeddable":true,"href":"https:\/\/asfema.org\/blog\/index.php\/wp-json\/wp\/v2\/tags?post=5130"}],"curies":[{"name":"wp","href":"https:\/\/api.w.org\/{rel}","templated":true}]}}