{"id":5277,"date":"2023-04-13T09:47:29","date_gmt":"2023-04-13T09:47:29","guid":{"rendered":"https:\/\/asfema.org\/blog\/?p=5277"},"modified":"2023-04-30T14:34:26","modified_gmt":"2023-04-30T14:34:26","slug":"convocatoria-asamblea-general-ordinaria-2023","status":"publish","type":"post","link":"https:\/\/asfema.org\/blog\/index.php\/convocatoria-asamblea-general-ordinaria-2023\/","title":{"rendered":"Convocatoria Asamblea General Ordinaria 2023"},"content":{"rendered":"\r\n<div class=\"wp-block-image\">\r\n<figure class=\"aligncenter size-full is-resized\"><a href=\"http:\/\/asfema.org\/blog\/wp-content\/uploads\/2020\/01\/cropped-Logo_ASFEMA.jpg\"><img decoding=\"async\" loading=\"lazy\" class=\"wp-image-4535\" src=\"https:\/\/asfema.org\/blog\/wp-content\/uploads\/2020\/01\/cropped-Logo_ASFEMA.jpg\" alt=\"\" width=\"676\" height=\"217\" srcset=\"https:\/\/asfema.org\/blog\/wp-content\/uploads\/2020\/01\/cropped-Logo_ASFEMA.jpg 900w, https:\/\/asfema.org\/blog\/wp-content\/uploads\/2020\/01\/cropped-Logo_ASFEMA-768x247.jpg 768w\" sizes=\"(max-width: 676px) 100vw, 676px\" \/><\/a><\/figure>\r\n<\/div>\r\n\r\n\r\n\r\n<p>Por la presente, la Junta Directiva de ASFEMA comunica que la<strong>\u00a0Asamblea General Ordinaria de 2023\u00a0tendr\u00e1 lugar el pr\u00f3ximo d\u00eda\u00a0domingo\u00a07 de mayo de 2023, a las\u00a010:00\u00a0horas en primera convocatoria, y a las\u00a010:30\u00a0en segunda convocatoria, hasta las\u00a014:00\u00a0horas.<br \/><br \/>\u00a1IMPORTANTE!\u00a0 \u00a0 Tras ver la aceptaci\u00f3n y facilidad que supuso hacerla en ambas modalidades, debido a la COVID,\u00a0hemos decidido realizar de nuevo la Asamblea simult\u00e1neamente tanto presencialmente, en el <a href=\"http:\/\/C. de Zigia, 28 https:\/\/maps.app.goo.gl\/S2XU1Qw5BRj92P1S7\">Espacio Zigia<\/a><\/strong> (C\/Zigia, 28 Madrid) <strong>como\u00a0de manera virtual, a trav\u00e9s de la plataforma Zoom, a trav\u00e9s del siguiente\u00a0enlace:<\/strong><br \/><br \/>Unirse a la reuni\u00f3n Zoom: <a href=\"https:\/\/us06web.zoom.us\/j\/87351509874?pwd=N3d1ejl6cWdoMzRuREIvTUxVYXpzZz09\" target=\"_blank\" rel=\"noreferrer noopener\">https:\/\/us06web.zoom.us\/j\/87351509874?pwd=N3d1ejl6cWdoMzRuREIvTUxVYXpzZz09<\/a><\/p>\r\n\r\n\r\n\r\n<p>Si no te es posible asistir a la misma, puedes delegar tu voto en cualquier otro socio, rellenando el formulario que se encuentra en:\u00a0<a href=\"https:\/\/asfema.us5.list-manage.com\/track\/click?u=755c347bff48a967a63bd271e&amp;id=2883a88893&amp;e=0bd6b693a0\" target=\"_blank\" rel=\"noreferrer noopener\">http:\/\/asfema.org\/blog\/wp-content\/uploads\/2014\/06\/delegacion-de-voto-asamblea-general.pdf<\/a>\u00a0\u00a0y\u00a0enviando una copia a:\u00a0<a href=\"mailto:contacto@asfema.org\" target=\"_blank\" rel=\"noreferrer noopener\">contacto@asfema.org<\/a>\u00a0.<br \/><br \/>Recordamos que, conforme a\u00a0<a href=\"https:\/\/asfema.us5.list-manage.com\/track\/click?u=755c347bff48a967a63bd271e&amp;id=9b1db9867e&amp;e=0bd6b693a0\" target=\"_blank\" rel=\"noreferrer noopener\">nuestros estatutos<\/a>, tendr\u00e1n derecho a voto, todos los socios de ASFEMA mayores de 16 a\u00f1os, o en su defecto, si fuera menor de esa edad, su representante legal (padre, madre o tutor),\u00a0siempre que est\u00e9n al corriente de pago de, al menos, la primera cuota de 2023.<br \/><br \/>El\u00a0<strong>orden del d\u00eda<\/strong>\u00a0propuesto ser\u00e1 el siguiente:<\/p>\r\n\r\n\r\n\r\n<ul>\r\n<li>Lectura y aprobaci\u00f3n del anterior acta<\/li>\r\n<li>Informe cuentas 2022<\/li>\r\n<li>Memoria de actividades 2022<\/li>\r\n<li>Proyecto 2023<\/li>\r\n<li>Presupuesto 2023<\/li>\r\n<li>Campamento Juvenil Metab\u00f3lico (20 al 26 agosto 2023)<\/li>\r\n<li>Congreso Murcia (octubre 2023)<\/li>\r\n<li>Ruegos y preguntas<\/li>\r\n<\/ul>\r\n\r\n\r\n\r\n<p>\u00a0En pr\u00f3ximos d\u00edas os enviaremos la Memoria de Actividades y el Balance de Cuentas del 2022 para que pod\u00e1is leerlos previamente a la Asamblea el\u00a0<strong>7 de mayo.<\/strong><br \/><br \/>Esperamos poder veros a tod@s los que pod\u00e1is, especialmente, a las familias de nueva incorporaci\u00f3n&#8230; \u00a1Estamos deseando qu\u00e9 nos podamos seguir estrechando de nuevo lazos en esta Familia Metab\u00f3lica, qu\u00e9 lo echamos de menos!<br \/><br \/>Y por ello al finalizar, nos encantar\u00eda que pudi\u00e9ramos comer juntos, o tomarnos algo y charlar con tod@s vosotr@s.\u00a0<br \/><br \/>Quedamos a vuestra disposici\u00f3n para cualquier aclaraci\u00f3n necesaria.<\/p>\r\n\r\n\r\n\r\n<p>&nbsp;<\/p>\r\n","protected":false},"excerpt":{"rendered":"<p>Por la presente, la Junta Directiva de ASFEMA comunica que la\u00a0Asamblea General Ordinaria de 2023\u00a0tendr\u00e1 lugar el pr\u00f3ximo d\u00eda\u00a0domingo\u00a07 de mayo de 2023, a las\u00a010:00\u00a0horas en primera convocatoria, y a las\u00a010:30\u00a0en segunda convocatoria, hasta las\u00a014:00\u00a0horas. \u00a1IMPORTANTE!\u00a0 \u00a0 Tras ver la aceptaci\u00f3n y facilidad que supuso hacerla en ambas modalidades, debido a la COVID,\u00a0hemos decidido realizar &hellip;<\/p>\n<p class=\"read-more\"> <a class=\"\" href=\"https:\/\/asfema.org\/blog\/index.php\/convocatoria-asamblea-general-ordinaria-2023\/\"> <span class=\"screen-reader-text\">Convocatoria Asamblea General Ordinaria 2023<\/span> Read More &raquo;<\/a><\/p>\n","protected":false},"author":11,"featured_media":0,"comment_status":"open","ping_status":"open","sticky":false,"template":"","format":"standard","meta":{"site-sidebar-layout":"default","site-content-layout":"default","ast-global-header-display":"","ast-banner-title-visibility":"","ast-main-header-display":"","ast-hfb-above-header-display":"","ast-hfb-below-header-display":"","ast-hfb-mobile-header-display":"","site-post-title":"","ast-breadcrumbs-content":"","ast-featured-img":"","footer-sml-layout":"","theme-transparent-header-meta":"","adv-header-id-meta":"","stick-header-meta":"","header-above-stick-meta":"","header-main-stick-meta":"","header-below-stick-meta":"","footnotes":""},"categories":[332,328,5],"tags":[58,357,26],"acf":[],"_links":{"self":[{"href":"https:\/\/asfema.org\/blog\/index.php\/wp-json\/wp\/v2\/posts\/5277"}],"collection":[{"href":"https:\/\/asfema.org\/blog\/index.php\/wp-json\/wp\/v2\/posts"}],"about":[{"href":"https:\/\/asfema.org\/blog\/index.php\/wp-json\/wp\/v2\/types\/post"}],"author":[{"embeddable":true,"href":"https:\/\/asfema.org\/blog\/index.php\/wp-json\/wp\/v2\/users\/11"}],"replies":[{"embeddable":true,"href":"https:\/\/asfema.org\/blog\/index.php\/wp-json\/wp\/v2\/comments?post=5277"}],"version-history":[{"count":1,"href":"https:\/\/asfema.org\/blog\/index.php\/wp-json\/wp\/v2\/posts\/5277\/revisions"}],"predecessor-version":[{"id":5836,"href":"https:\/\/asfema.org\/blog\/index.php\/wp-json\/wp\/v2\/posts\/5277\/revisions\/5836"}],"wp:attachment":[{"href":"https:\/\/asfema.org\/blog\/index.php\/wp-json\/wp\/v2\/media?parent=5277"}],"wp:term":[{"taxonomy":"category","embeddable":true,"href":"https:\/\/asfema.org\/blog\/index.php\/wp-json\/wp\/v2\/categories?post=5277"},{"taxonomy":"post_tag","embeddable":true,"href":"https:\/\/asfema.org\/blog\/index.php\/wp-json\/wp\/v2\/tags?post=5277"}],"curies":[{"name":"wp","href":"https:\/\/api.w.org\/{rel}","templated":true}]}}