{"id":557,"date":"2012-07-10T08:20:07","date_gmt":"2012-07-10T08:20:07","guid":{"rendered":"https:\/\/asfema.org\/blog\/?p=557"},"modified":"2017-05-14T08:27:58","modified_gmt":"2017-05-14T08:27:58","slug":"quedada-de-los-jovenes-pku","status":"publish","type":"post","link":"https:\/\/asfema.org\/blog\/index.php\/quedada-de-los-jovenes-pku\/","title":{"rendered":"Quedada de los j\u00f3venes PKU"},"content":{"rendered":"<p><strong>El pasado fin de semana (de 6 a 8 de julio) hemos organizado un encuentro informal de j\u00f3venes PKU de Madrid. En el encuentro participaron tambi\u00e9n nuestros amigos de Zaragoza y Barcelona.<\/strong><\/p>\n<p>Es la segunda vez que decidimos quedar y pasar juntos el fin de semana. En esta ocasi\u00f3n, en vez de quedar para comer, hemos prepaado una convivencia en casa de Agata, en Getafe. En el encuentro participaron: Ana Contreras, Ra\u00fal L\u00f3pez, Elena Merayo, Carolina Nevado, Diana Garc\u00eda, Cristina y nuestro vicepresidente, Fernando Sobrino.<\/p>\n<p><a href=\"https:\/\/asfema.org\/blog\/wp-content\/uploads\/2012\/07\/IMG_0629.jpg\"><img decoding=\"async\" loading=\"lazy\" class=\"aligncenter size-medium wp-image-558\" title=\"IMG_0629\" src=\"https:\/\/asfema.org\/blog\/wp-content\/uploads\/2012\/07\/IMG_0629-300x225.jpg\" alt=\"\" width=\"300\" height=\"225\" srcset=\"https:\/\/asfema.org\/blog\/wp-content\/uploads\/2012\/07\/IMG_0629-300x225.jpg 300w, https:\/\/asfema.org\/blog\/wp-content\/uploads\/2012\/07\/IMG_0629-768x576.jpg 768w, https:\/\/asfema.org\/blog\/wp-content\/uploads\/2012\/07\/IMG_0629-1536x1152.jpg 1536w, https:\/\/asfema.org\/blog\/wp-content\/uploads\/2012\/07\/IMG_0629-2048x1536.jpg 2048w, https:\/\/asfema.org\/blog\/wp-content\/uploads\/2012\/07\/IMG_0629-1024x768.jpg 1024w\" sizes=\"(max-width: 300px) 100vw, 300px\" \/><\/a><\/p>\n<p>El viernes preparamos una cena en com\u00fan. Apostamos por platos ligeros y refrescantes. As\u00ed, en la mesa apareci\u00f3 salmorejo PKU (sin falsa modestia tengo que decir que estaba exquisito!!!), guacamole, ensalada y tostadas.<\/p>\n<p><a href=\"https:\/\/asfema.org\/blog\/wp-content\/uploads\/2012\/07\/IMG_0630.jpg\"><img decoding=\"async\" loading=\"lazy\" class=\"aligncenter size-medium wp-image-559\" title=\"IMG_0630\" src=\"https:\/\/asfema.org\/blog\/wp-content\/uploads\/2012\/07\/IMG_0630-300x225.jpg\" alt=\"\" width=\"300\" height=\"225\" srcset=\"https:\/\/asfema.org\/blog\/wp-content\/uploads\/2012\/07\/IMG_0630-300x225.jpg 300w, https:\/\/asfema.org\/blog\/wp-content\/uploads\/2012\/07\/IMG_0630-768x576.jpg 768w, https:\/\/asfema.org\/blog\/wp-content\/uploads\/2012\/07\/IMG_0630-1536x1152.jpg 1536w, https:\/\/asfema.org\/blog\/wp-content\/uploads\/2012\/07\/IMG_0630-2048x1536.jpg 2048w, https:\/\/asfema.org\/blog\/wp-content\/uploads\/2012\/07\/IMG_0630-1024x768.jpg 1024w\" sizes=\"(max-width: 300px) 100vw, 300px\" \/><\/a> La velada se prolong\u00f3 hasta bien entrada la noche y quiz\u00e1s con raz\u00f3n mis vecinas no me hablan. Los partidos nocturnos de badmint\u00f3n en el patio se prolongaron casi hasta el amanecer.<\/p>\n<p><a href=\"https:\/\/asfema.org\/blog\/wp-content\/uploads\/2012\/07\/IMG_0639.jpg\"><img decoding=\"async\" loading=\"lazy\" class=\"aligncenter size-medium wp-image-560\" title=\"IMG_0639\" src=\"https:\/\/asfema.org\/blog\/wp-content\/uploads\/2012\/07\/IMG_0639-300x225.jpg\" alt=\"\" width=\"300\" height=\"225\" srcset=\"https:\/\/asfema.org\/blog\/wp-content\/uploads\/2012\/07\/IMG_0639-300x225.jpg 300w, https:\/\/asfema.org\/blog\/wp-content\/uploads\/2012\/07\/IMG_0639-768x576.jpg 768w, https:\/\/asfema.org\/blog\/wp-content\/uploads\/2012\/07\/IMG_0639-1536x1152.jpg 1536w, https:\/\/asfema.org\/blog\/wp-content\/uploads\/2012\/07\/IMG_0639-2048x1536.jpg 2048w, https:\/\/asfema.org\/blog\/wp-content\/uploads\/2012\/07\/IMG_0639-1024x768.jpg 1024w\" sizes=\"(max-width: 300px) 100vw, 300px\" \/><\/a><br \/>\nEl s\u00e1bado hicimos una r\u00e1pida excursi\u00f3n a Madrid, pero el plan era ir a la piscina, donde pasamos la tarde. Por la noche, y aprovechando la cortes\u00eda de Diana y Fernando, fuimos a Torrej\u00f3n a Parque Europa.<\/p>\n<p>El domingo tocaba ya despedirse. No por ello dejamos de salir a comer fuera (champi\u00f1ones y setas ali- oli, berenjenas, patatas tres salsas) y luego a jugar a los dardos. Los padres de Fernando nos invitaron a merendar con ellos; fue un detalle que nos recarg\u00f3 las pilas antes de la despedida.<\/p>\n<p>Lo mejor del encuentro fue sin duda la posibilidad de pasar juntos mucho tiempo. Nos hemos dado cuenta de que, si bien en algunos casos no nos vemos a menudo, existe entre nosotros una especie de intimidad, debida a que comprendemos bien nuestros problemas, debilidades y puntos fuertes. El hecho de que otra persona sepa muy bien qu\u00e9 se siente al querer comerse un yogur y no poder hacerlo (esta fui yo, que ten\u00eda en el frigor\u00edfico un yogur exquisito, pero no pod\u00eda com\u00e9rmelo, pues ten\u00eda miedo a pasarme de proteinas&#8230;) o que empatice con tu problemas cotidianos crea fuerte lazos de uni\u00f3n.<\/p>\n<p>Un momento destacable fue comida del s\u00e1bado. Creo que por primera vez en nuestras vidas hemos preparado comida PKU en cantidades grandes. Ver la olla llena de pasta PKU y preparaci\u00f3n de una cantidad ingente de salsa nos hizo pensar en que nunca en nuestras vidas no hab\u00edamos preparado una comida as\u00ed.<\/p>\n<p>Por otra parte, la quedada tambi\u00e9n nos sirvi\u00f3 para hablar sobre nuestros problemas con la fenilcetonuria y no solo, para aprender los trucos de la cocina, pero sobre todo para pasarlo bien. Nos hemos aplicado una especie de \u201crisoterapia\u201d que nos distanci\u00f3 de nuestra vida cotidiana. Ya estamos pensando en una nueva convivencia,\u00a0 esta vez igual fuera de Madrid.<\/p>\n","protected":false},"excerpt":{"rendered":"<p>El pasado fin de semana (de 6 a 8 de julio) hemos organizado un encuentro informal de j\u00f3venes PKU de Madrid. En el encuentro participaron tambi\u00e9n nuestros amigos de Zaragoza y Barcelona. Es la segunda vez que decidimos quedar y pasar juntos el fin de semana. En esta ocasi\u00f3n, en vez de quedar para comer, &hellip;<\/p>\n<p class=\"read-more\"> <a class=\"\" href=\"https:\/\/asfema.org\/blog\/index.php\/quedada-de-los-jovenes-pku\/\"> <span class=\"screen-reader-text\">Quedada de los j\u00f3venes PKU<\/span> Read More &raquo;<\/a><\/p>\n","protected":false},"author":2,"featured_media":282,"comment_status":"open","ping_status":"open","sticky":false,"template":"","format":"standard","meta":{"site-sidebar-layout":"default","site-content-layout":"default","ast-global-header-display":"","ast-banner-title-visibility":"","ast-main-header-display":"","ast-hfb-above-header-display":"","ast-hfb-below-header-display":"","ast-hfb-mobile-header-display":"","site-post-title":"","ast-breadcrumbs-content":"","ast-featured-img":"","footer-sml-layout":"","theme-transparent-header-meta":"","adv-header-id-meta":"","stick-header-meta":"","header-above-stick-meta":"","header-main-stick-meta":"","header-below-stick-meta":"","footnotes":""},"categories":[31,73],"tags":[79,78],"acf":[],"_links":{"self":[{"href":"https:\/\/asfema.org\/blog\/index.php\/wp-json\/wp\/v2\/posts\/557"}],"collection":[{"href":"https:\/\/asfema.org\/blog\/index.php\/wp-json\/wp\/v2\/posts"}],"about":[{"href":"https:\/\/asfema.org\/blog\/index.php\/wp-json\/wp\/v2\/types\/post"}],"author":[{"embeddable":true,"href":"https:\/\/asfema.org\/blog\/index.php\/wp-json\/wp\/v2\/users\/2"}],"replies":[{"embeddable":true,"href":"https:\/\/asfema.org\/blog\/index.php\/wp-json\/wp\/v2\/comments?post=557"}],"version-history":[{"count":1,"href":"https:\/\/asfema.org\/blog\/index.php\/wp-json\/wp\/v2\/posts\/557\/revisions"}],"predecessor-version":[{"id":3087,"href":"https:\/\/asfema.org\/blog\/index.php\/wp-json\/wp\/v2\/posts\/557\/revisions\/3087"}],"wp:featuredmedia":[{"embeddable":true,"href":"https:\/\/asfema.org\/blog\/index.php\/wp-json\/wp\/v2\/media\/282"}],"wp:attachment":[{"href":"https:\/\/asfema.org\/blog\/index.php\/wp-json\/wp\/v2\/media?parent=557"}],"wp:term":[{"taxonomy":"category","embeddable":true,"href":"https:\/\/asfema.org\/blog\/index.php\/wp-json\/wp\/v2\/categories?post=557"},{"taxonomy":"post_tag","embeddable":true,"href":"https:\/\/asfema.org\/blog\/index.php\/wp-json\/wp\/v2\/tags?post=557"}],"curies":[{"name":"wp","href":"https:\/\/api.w.org\/{rel}","templated":true}]}}