{"id":582,"date":"2012-07-23T10:18:41","date_gmt":"2012-07-23T10:18:41","guid":{"rendered":"https:\/\/asfema.org\/blog\/?p=582"},"modified":"2012-07-23T10:18:41","modified_gmt":"2012-07-23T10:18:41","slug":"polos-sencillos-de-platano-helado-con-chocolate","status":"publish","type":"post","link":"https:\/\/asfema.org\/blog\/index.php\/polos-sencillos-de-platano-helado-con-chocolate\/","title":{"rendered":"Polos sencillos de pl\u00e1tano helado con chocolate"},"content":{"rendered":"<p style=\"text-align: center;\"><a href=\"http:\/\/www.directoalpaladar.com\/postres\/polos-sencillos-de-platano-helado-con-chocolate\"><img src='https:\/\/asfema.org\/blog\/wp-content\/uploads\/2012\/07\/polos_platano_pasos2.jpg' alt='' \/><\/a><\/p>\n<p>Esta receta es genial para los peques y el verano. Adem\u00e1s ser\u00e1 m\u00e1s f\u00e1cil convencerles de que tomen fruta o pl\u00e1tano.<\/p>\n<p><a href=\"http:\/\/www.directoalpaladar.com\/postres\/polos-sencillos-de-platano-helado-con-chocolate\">Polos sencillos de pl\u00e1tano helado con chocolate<\/a>.<\/p>\n","protected":false},"excerpt":{"rendered":"<p>Esta receta es genial para los peques y el verano. Adem\u00e1s ser\u00e1 m\u00e1s f\u00e1cil convencerles de que tomen fruta o pl\u00e1tano. Polos sencillos de pl\u00e1tano helado con chocolate.<\/p>\n","protected":false},"author":1,"featured_media":0,"comment_status":"open","ping_status":"open","sticky":false,"template":"","format":"standard","meta":{"site-sidebar-layout":"default","site-content-layout":"default","ast-global-header-display":"","ast-banner-title-visibility":"","ast-main-header-display":"","ast-hfb-above-header-display":"","ast-hfb-below-header-display":"","ast-hfb-mobile-header-display":"","site-post-title":"","ast-breadcrumbs-content":"","ast-featured-img":"","footer-sml-layout":"","theme-transparent-header-meta":"","adv-header-id-meta":"","stick-header-meta":"","header-above-stick-meta":"","header-main-stick-meta":"","header-below-stick-meta":"","footnotes":""},"categories":[1],"tags":[10,80,74,25],"acf":[],"_links":{"self":[{"href":"https:\/\/asfema.org\/blog\/index.php\/wp-json\/wp\/v2\/posts\/582"}],"collection":[{"href":"https:\/\/asfema.org\/blog\/index.php\/wp-json\/wp\/v2\/posts"}],"about":[{"href":"https:\/\/asfema.org\/blog\/index.php\/wp-json\/wp\/v2\/types\/post"}],"author":[{"embeddable":true,"href":"https:\/\/asfema.org\/blog\/index.php\/wp-json\/wp\/v2\/users\/1"}],"replies":[{"embeddable":true,"href":"https:\/\/asfema.org\/blog\/index.php\/wp-json\/wp\/v2\/comments?post=582"}],"version-history":[{"count":0,"href":"https:\/\/asfema.org\/blog\/index.php\/wp-json\/wp\/v2\/posts\/582\/revisions"}],"wp:attachment":[{"href":"https:\/\/asfema.org\/blog\/index.php\/wp-json\/wp\/v2\/media?parent=582"}],"wp:term":[{"taxonomy":"category","embeddable":true,"href":"https:\/\/asfema.org\/blog\/index.php\/wp-json\/wp\/v2\/categories?post=582"},{"taxonomy":"post_tag","embeddable":true,"href":"https:\/\/asfema.org\/blog\/index.php\/wp-json\/wp\/v2\/tags?post=582"}],"curies":[{"name":"wp","href":"https:\/\/api.w.org\/{rel}","templated":true}]}}