{"id":6047,"date":"2024-03-06T15:08:08","date_gmt":"2024-03-06T15:08:08","guid":{"rendered":"https:\/\/asfema.org\/blog\/?p=6047"},"modified":"2024-03-06T15:08:08","modified_gmt":"2024-03-06T15:08:08","slug":"baremo-de-discapacidad","status":"publish","type":"post","link":"https:\/\/asfema.org\/blog\/index.php\/baremo-de-discapacidad\/","title":{"rendered":"Baremo de discapacidad"},"content":{"rendered":"<p>Os dejamos el importante mensaje remitido desde COCEMFE referente al baremo de discapacidad, ya que puede ser de vuestro interes.<\/p>\n<p>Estimados compa\u00f1eros y compa\u00f1eras:<\/p>\n<p>Como sabr\u00e9is, el pasado mes de abril de 2023 entr\u00f3 en funcionamiento el nuevo baremo de reconocimiento, declaraci\u00f3n y calificaci\u00f3n del grado de discapacidad. Durante este tiempo hemos ido detectando diversas irregularidades e incidencias en la aplicaci\u00f3n del baremo. Esta situaci\u00f3n supone, en muchos casos, una barrera m\u00e1s para el acceso y reconocimiento de derechos de las personas con discapacidad.<\/p>\n<p>Para poder recoger y organizar toda esta informaci\u00f3n, hemos desarrollado una herramienta de recogida de casos con el fin de evaluar la aplicaci\u00f3n del nuevo baremo y las posibles situaciones de vulneraci\u00f3n de derechos.\u00a0 Para llegar a m\u00e1s personas, hemos habilitados dos formas de responder en el mismo formulario: por un lado, una opci\u00f3n dirigida a las propias personas afectadas por la situaci\u00f3n; y, por otro, a personas del Movimiento Asociativo que hayan detectado situaciones irregulares o fallas en la aplicaci\u00f3n del baremo. Responder a la encuesta no llevar\u00e1 m\u00e1s de 15 minutos. Con la informaci\u00f3n recabada elaboraremos un informe espec\u00edfico y articularemos acciones de diverso tipo, sobre todo de incidencia y formaci\u00f3n.<\/p>\n<p>El enlace al formulario es el siguiente: <a href=\"https:\/\/es.surveymonkey.com\/r\/baremodiscapacidad\">https:\/\/es.surveymonkey.com\/r\/baremodiscapacidad<\/a><\/p>\n<p>Facilitamos de plazo hasta el 20 de abril de 2024 para realizar una primera recogida de casos. Os solicitamos colaboraci\u00f3n en la difusi\u00f3n con todas las personas que consider\u00e9is y que lo utilic\u00e9is para trasladar todas la incidencias que hay\u00e1is detectado. Toda la informaci\u00f3n recogida ser\u00e1 de gran utilidad.<\/p>\n<p>Para cualquier cuesti\u00f3n, pod\u00e9is escribirnos a <a href=\"mailto:cocemfe@cocemfe.es\">cocemfe@cocemfe.es<\/a> o contactarnos por v\u00eda telef\u00f3nica.<\/p>\n<p>Muchas gracias por vuestra valiosa colaboraci\u00f3n.<\/p>\n","protected":false},"excerpt":{"rendered":"<p>Os dejamos el importante mensaje remitido desde COCEMFE referente al baremo de discapacidad, ya que puede ser de vuestro interes. Estimados compa\u00f1eros y compa\u00f1eras: Como sabr\u00e9is, el pasado mes de abril de 2023 entr\u00f3 en funcionamiento el nuevo baremo de reconocimiento, declaraci\u00f3n y calificaci\u00f3n del grado de discapacidad. Durante este tiempo hemos ido detectando diversas &hellip;<\/p>\n<p class=\"read-more\"> <a class=\"\" href=\"https:\/\/asfema.org\/blog\/index.php\/baremo-de-discapacidad\/\"> <span class=\"screen-reader-text\">Baremo de discapacidad<\/span> Read More &raquo;<\/a><\/p>\n","protected":false},"author":11,"featured_media":5209,"comment_status":"open","ping_status":"open","sticky":false,"template":"","format":"standard","meta":{"site-sidebar-layout":"default","site-content-layout":"default","ast-global-header-display":"","ast-banner-title-visibility":"","ast-main-header-display":"","ast-hfb-above-header-display":"","ast-hfb-below-header-display":"","ast-hfb-mobile-header-display":"","site-post-title":"","ast-breadcrumbs-content":"","ast-featured-img":"","footer-sml-layout":"","theme-transparent-header-meta":"default","adv-header-id-meta":"","stick-header-meta":"","header-above-stick-meta":"","header-main-stick-meta":"","header-below-stick-meta":"","footnotes":""},"categories":[332,328,5],"tags":[545,418],"acf":[],"_links":{"self":[{"href":"https:\/\/asfema.org\/blog\/index.php\/wp-json\/wp\/v2\/posts\/6047"}],"collection":[{"href":"https:\/\/asfema.org\/blog\/index.php\/wp-json\/wp\/v2\/posts"}],"about":[{"href":"https:\/\/asfema.org\/blog\/index.php\/wp-json\/wp\/v2\/types\/post"}],"author":[{"embeddable":true,"href":"https:\/\/asfema.org\/blog\/index.php\/wp-json\/wp\/v2\/users\/11"}],"replies":[{"embeddable":true,"href":"https:\/\/asfema.org\/blog\/index.php\/wp-json\/wp\/v2\/comments?post=6047"}],"version-history":[{"count":1,"href":"https:\/\/asfema.org\/blog\/index.php\/wp-json\/wp\/v2\/posts\/6047\/revisions"}],"predecessor-version":[{"id":6048,"href":"https:\/\/asfema.org\/blog\/index.php\/wp-json\/wp\/v2\/posts\/6047\/revisions\/6048"}],"wp:featuredmedia":[{"embeddable":true,"href":"https:\/\/asfema.org\/blog\/index.php\/wp-json\/wp\/v2\/media\/5209"}],"wp:attachment":[{"href":"https:\/\/asfema.org\/blog\/index.php\/wp-json\/wp\/v2\/media?parent=6047"}],"wp:term":[{"taxonomy":"category","embeddable":true,"href":"https:\/\/asfema.org\/blog\/index.php\/wp-json\/wp\/v2\/categories?post=6047"},{"taxonomy":"post_tag","embeddable":true,"href":"https:\/\/asfema.org\/blog\/index.php\/wp-json\/wp\/v2\/tags?post=6047"}],"curies":[{"name":"wp","href":"https:\/\/api.w.org\/{rel}","templated":true}]}}