{"id":6163,"date":"2025-05-27T05:07:54","date_gmt":"2025-05-27T05:07:54","guid":{"rendered":"https:\/\/asfema.org\/blog\/?p=6163"},"modified":"2025-05-28T09:06:10","modified_gmt":"2025-05-28T09:06:10","slug":"asamblea-general-ordinaria-de-2024","status":"publish","type":"post","link":"https:\/\/asfema.org\/blog\/index.php\/asamblea-general-ordinaria-de-2024\/","title":{"rendered":"Asamblea General Ordinaria de 2024"},"content":{"rendered":"<p>Por la presente, la Junta Directiva de ASFEMA comunica que la<strong>\u00a0Asamblea General Ordinaria de 2024<\/strong>\u00a0tendr\u00e1 lugar el pr\u00f3ximo d\u00eda\u00a0<strong>martes 17 de junio de 2025<\/strong>, a las <strong>20:00<\/strong>\u00a0horas en primera convocatoria, y a las <strong>20:10<\/strong>\u00a0en segunda convocatoria, hasta las\u00a0<strong>22:30<\/strong>\u00a0horas.<\/p>\n<p><strong><u>\u00a1IMPORTANTE!<\/u><\/strong>\u00a0 \u00a0 Tras consultar a los socios de<strong>\u00a0ASFEMA, la asamblea se realizar\u00e1<u> de manera virtual, a trav\u00e9s de la plataforma Teams, pinchando <\/u><u><a href=\"https:\/\/teams.live.com\/meet\/9351907084935?p=xPqbG6bxN9sTXSgPLf\">AQUI<\/a><\/u><u>.<\/u><\/strong><\/p>\n<p>Si no te es posible asistir a la misma, puedes delegar tu voto en cualquier otro socio, rellenando el formulario que se encuentra adjunto, o en:\u00a0<a href=\"https:\/\/asfema.us5.list-manage.com\/track\/click?u=755c347bff48a967a63bd271e&amp;id=b2262ae353&amp;e=8a1fdeb3d6\" data-saferedirecturl=\"https:\/\/www.google.com\/url?q=https:\/\/asfema.us5.list-manage.com\/track\/click?u%3D755c347bff48a967a63bd271e%26id%3D2883a88893%26e%3D0bd6b693a0&amp;source=gmail&amp;ust=1748379667966000&amp;usg=AOvVaw39G3B-9ZbH2xLg7yTuuG-0\">http:\/\/asfema.org\/blog\/wp-content\/uploads\/2014\/06\/delegacion-de-voto-asamblea-general.pdf<\/a>\u00a0\u00a0y\u00a0<u>enviando una copia a:<\/u>\u00a0<a href=\"mailto:contacto@asfema.org\">contacto@asfema.org<\/a>\u00a0.<\/p>\n<p>Recordamos que, conforme a\u00a0<a href=\"https:\/\/asfema.us5.list-manage.com\/track\/click?u=755c347bff48a967a63bd271e&amp;id=f2e8e27d9d&amp;e=8a1fdeb3d6\" data-saferedirecturl=\"https:\/\/www.google.com\/url?q=https:\/\/asfema.us5.list-manage.com\/track\/click?u%3D755c347bff48a967a63bd271e%26id%3D9b1db9867e%26e%3D0bd6b693a0&amp;source=gmail&amp;ust=1748379667966000&amp;usg=AOvVaw2I-kGGOoYEFQ1T_07O7xFr\">nuestros Estatutos<\/a>, tendr\u00e1n derecho a voto, todos los socios de ASFEMA mayores de 16 a\u00f1os, o en su defecto, si fuera menor de esa edad, su representante legal (padre, madre o tutor),\u00a0<u>siempre que est\u00e9n al corriente de pago de, al menos, la primera cuota de 2024.<\/u><br \/>\nEl\u00a0<strong>orden del d\u00eda<\/strong>\u00a0propuesto ser\u00e1 el siguiente:<\/p>\n<ul>\n<li>Lectura y aprobaci\u00f3n del anterior acta<\/li>\n<li>Informe cuentas 2024<\/li>\n<li>Memoria de actividades 2024<\/li>\n<li>Proyecto 2025<\/li>\n<li>Presupuesto 2025<\/li>\n<li>Campamento Juvenil Metab\u00f3lico (24 al 31 agosto 2025)<\/li>\n<li>Ruegos y preguntas<\/li>\n<\/ul>\n<p>En pr\u00f3ximos d\u00edas os enviaremos el enlace a la reuni\u00f3n y tambi\u00e9n el Balance de Cuentas del 2024\u00a0para que pod\u00e1is leerlo previamente a la Asamblea el\u00a0<strong>17 de junio.\u00a0<\/strong>Os adjuntamos la Memoria de Actividades del 2024:\u00a0 <strong><a href=\"https:\/\/asfema.org\/blog\/wp-content\/uploads\/2025\/05\/Memoria_Actividades_2024_Definitivo.docx\">AQUI<\/a><\/strong><\/p>\n<p>Despu\u00e9s de tanto tiempo, esperamos poder veros a tod@s los que pod\u00e1is, especialmente, a las familias de nueva incorporaci\u00f3n&#8230; \u00a1Estamos deseando qu\u00e9 nos podamos conocer al fin y estrechar de nuevo lazos en esta Familia Metab\u00f3lica, qu\u00e9 lo echamos de menos!<\/p>\n<p>Quedamos a vuestra disposici\u00f3n para cualquier aclaraci\u00f3n necesaria.<\/p>\n","protected":false},"excerpt":{"rendered":"<p>Por la presente, la Junta Directiva de ASFEMA comunica que la\u00a0Asamblea General Ordinaria de 2024\u00a0tendr\u00e1 lugar el pr\u00f3ximo d\u00eda\u00a0martes 17 de junio de 2025, a las 20:00\u00a0horas en primera convocatoria, y a las 20:10\u00a0en segunda convocatoria, hasta las\u00a022:30\u00a0horas. \u00a1IMPORTANTE!\u00a0 \u00a0 Tras consultar a los socios de\u00a0ASFEMA, la asamblea se realizar\u00e1 de manera virtual, a trav\u00e9s &hellip;<\/p>\n<p class=\"read-more\"> <a class=\"\" href=\"https:\/\/asfema.org\/blog\/index.php\/asamblea-general-ordinaria-de-2024\/\"> <span class=\"screen-reader-text\">Asamblea General Ordinaria de 2024<\/span> Read More &raquo;<\/a><\/p>\n","protected":false},"author":11,"featured_media":5206,"comment_status":"open","ping_status":"open","sticky":false,"template":"","format":"standard","meta":{"site-sidebar-layout":"default","site-content-layout":"default","ast-global-header-display":"","ast-banner-title-visibility":"","ast-main-header-display":"","ast-hfb-above-header-display":"","ast-hfb-below-header-display":"","ast-hfb-mobile-header-display":"","site-post-title":"","ast-breadcrumbs-content":"","ast-featured-img":"","footer-sml-layout":"","theme-transparent-header-meta":"default","adv-header-id-meta":"","stick-header-meta":"","header-above-stick-meta":"","header-main-stick-meta":"","header-below-stick-meta":"","footnotes":""},"categories":[332,328,5],"tags":[58,549,57,147],"acf":[],"_links":{"self":[{"href":"https:\/\/asfema.org\/blog\/index.php\/wp-json\/wp\/v2\/posts\/6163"}],"collection":[{"href":"https:\/\/asfema.org\/blog\/index.php\/wp-json\/wp\/v2\/posts"}],"about":[{"href":"https:\/\/asfema.org\/blog\/index.php\/wp-json\/wp\/v2\/types\/post"}],"author":[{"embeddable":true,"href":"https:\/\/asfema.org\/blog\/index.php\/wp-json\/wp\/v2\/users\/11"}],"replies":[{"embeddable":true,"href":"https:\/\/asfema.org\/blog\/index.php\/wp-json\/wp\/v2\/comments?post=6163"}],"version-history":[{"count":4,"href":"https:\/\/asfema.org\/blog\/index.php\/wp-json\/wp\/v2\/posts\/6163\/revisions"}],"predecessor-version":[{"id":6169,"href":"https:\/\/asfema.org\/blog\/index.php\/wp-json\/wp\/v2\/posts\/6163\/revisions\/6169"}],"wp:featuredmedia":[{"embeddable":true,"href":"https:\/\/asfema.org\/blog\/index.php\/wp-json\/wp\/v2\/media\/5206"}],"wp:attachment":[{"href":"https:\/\/asfema.org\/blog\/index.php\/wp-json\/wp\/v2\/media?parent=6163"}],"wp:term":[{"taxonomy":"category","embeddable":true,"href":"https:\/\/asfema.org\/blog\/index.php\/wp-json\/wp\/v2\/categories?post=6163"},{"taxonomy":"post_tag","embeddable":true,"href":"https:\/\/asfema.org\/blog\/index.php\/wp-json\/wp\/v2\/tags?post=6163"}],"curies":[{"name":"wp","href":"https:\/\/api.w.org\/{rel}","templated":true}]}}