{"id":6203,"date":"2025-12-10T07:52:51","date_gmt":"2025-12-10T07:52:51","guid":{"rendered":"https:\/\/asfema.org\/blog\/?p=6203"},"modified":"2025-12-10T07:52:51","modified_gmt":"2025-12-10T07:52:51","slug":"cambio-de-horario-de-apertura-del-banco-de-alimentos","status":"publish","type":"post","link":"https:\/\/asfema.org\/blog\/index.php\/cambio-de-horario-de-apertura-del-banco-de-alimentos\/","title":{"rendered":"Cambio de horario de apertura del banco de alimentos"},"content":{"rendered":"<p>Queremos informaros de algunos cambios temporales en la actividad de la asociaci\u00f3n.<\/p>\n<p>Debido a que nuestro trabajador Fede se encuentra de baja por lesi\u00f3n,<em> el <strong>horario de apertura<\/strong> se ver\u00e1 <strong>modificado<\/strong> y l<\/em>a sede abrir\u00e1 \u00fanicamente:<\/p>\n<p style=\"text-align: center;\">\u00a0<span style=\"color: #ff0000;\"><strong>Mi\u00e9rcoles 10 y jueves 11 de diciembre de 2025 de 18:00 a 20:00 horas.<\/strong><\/span><\/p>\n<p>Agradecemos vuestra comprensi\u00f3n y apoyo.<\/p>\n<p>Esperamos que Fede se recupere pronto y podamos abrir con normalidad cuanto antes.<\/p>\n","protected":false},"excerpt":{"rendered":"<p>Queremos informaros de algunos cambios temporales en la actividad de la asociaci\u00f3n. Debido a que nuestro trabajador Fede se encuentra de baja por lesi\u00f3n, el horario de apertura se ver\u00e1 modificado y la sede abrir\u00e1 \u00fanicamente: \u00a0Mi\u00e9rcoles 10 y jueves 11 de diciembre de 2025 de 18:00 a 20:00 horas. Agradecemos vuestra comprensi\u00f3n y apoyo. &hellip;<\/p>\n<p class=\"read-more\"> <a class=\"\" href=\"https:\/\/asfema.org\/blog\/index.php\/cambio-de-horario-de-apertura-del-banco-de-alimentos\/\"> <span class=\"screen-reader-text\">Cambio de horario de apertura del banco de alimentos<\/span> Read More &raquo;<\/a><\/p>\n","protected":false},"author":11,"featured_media":3423,"comment_status":"open","ping_status":"open","sticky":false,"template":"","format":"standard","meta":{"site-sidebar-layout":"default","site-content-layout":"default","ast-global-header-display":"","ast-banner-title-visibility":"","ast-main-header-display":"","ast-hfb-above-header-display":"","ast-hfb-below-header-display":"","ast-hfb-mobile-header-display":"","site-post-title":"","ast-breadcrumbs-content":"","ast-featured-img":"","footer-sml-layout":"","theme-transparent-header-meta":"default","adv-header-id-meta":"","stick-header-meta":"","header-above-stick-meta":"","header-main-stick-meta":"","header-below-stick-meta":"","footnotes":""},"categories":[332,328],"tags":[244],"acf":[],"_links":{"self":[{"href":"https:\/\/asfema.org\/blog\/index.php\/wp-json\/wp\/v2\/posts\/6203"}],"collection":[{"href":"https:\/\/asfema.org\/blog\/index.php\/wp-json\/wp\/v2\/posts"}],"about":[{"href":"https:\/\/asfema.org\/blog\/index.php\/wp-json\/wp\/v2\/types\/post"}],"author":[{"embeddable":true,"href":"https:\/\/asfema.org\/blog\/index.php\/wp-json\/wp\/v2\/users\/11"}],"replies":[{"embeddable":true,"href":"https:\/\/asfema.org\/blog\/index.php\/wp-json\/wp\/v2\/comments?post=6203"}],"version-history":[{"count":1,"href":"https:\/\/asfema.org\/blog\/index.php\/wp-json\/wp\/v2\/posts\/6203\/revisions"}],"predecessor-version":[{"id":6204,"href":"https:\/\/asfema.org\/blog\/index.php\/wp-json\/wp\/v2\/posts\/6203\/revisions\/6204"}],"wp:featuredmedia":[{"embeddable":true,"href":"https:\/\/asfema.org\/blog\/index.php\/wp-json\/wp\/v2\/media\/3423"}],"wp:attachment":[{"href":"https:\/\/asfema.org\/blog\/index.php\/wp-json\/wp\/v2\/media?parent=6203"}],"wp:term":[{"taxonomy":"category","embeddable":true,"href":"https:\/\/asfema.org\/blog\/index.php\/wp-json\/wp\/v2\/categories?post=6203"},{"taxonomy":"post_tag","embeddable":true,"href":"https:\/\/asfema.org\/blog\/index.php\/wp-json\/wp\/v2\/tags?post=6203"}],"curies":[{"name":"wp","href":"https:\/\/api.w.org\/{rel}","templated":true}]}}