{"id":6228,"date":"2026-03-25T18:51:36","date_gmt":"2026-03-25T18:51:36","guid":{"rendered":"https:\/\/asfema.org\/blog\/?p=6228"},"modified":"2026-03-25T18:51:36","modified_gmt":"2026-03-25T18:51:36","slug":"dia-de-apertura-de-nueva-sede-asfema","status":"publish","type":"post","link":"https:\/\/asfema.org\/blog\/index.php\/dia-de-apertura-de-nueva-sede-asfema\/","title":{"rendered":"Dia de apertura de nueva sede ASFEMA"},"content":{"rendered":"<p>Como sab\u00e9is, estamos ahora mismo en plena mudanza de local, con todo desmantelado.<\/p>\n<p>Desde el <strong>1 de abril<\/strong>, estaremos ubicados en un espacio que ya conoc\u00e9is la mayor\u00eda, que se llama<span style=\"color: #000000;\"> <em><strong>Espacio C\u00edvico Zigia 28 (c\/ Zigia 28<\/strong><strong>)<\/strong><\/em>,<\/span> pero al estar la S. Santa ya aqu\u00ed y comenzar en un sitio nuevo, realmente hasta despu\u00e9s de S. Santa, en la <strong>semana del *8-9 de abril,*<\/strong> <strong>no vamos a conseguir estar operativos<\/strong>.<\/p>\n<p>Por eso lamentamos comunicaros que esta semana *NO SE ABRIR\u00c1 EL BANCO DE ALIMENTOS* y al estar la S. Santa de por medio, necesitaremos unos cuantos d\u00edas para poder reubicar todo lo que tenemos en ASFEMA,\u00a0 de comida, de aparatos, ordenadores&#8230;<\/p>\n<p>En resumen:<\/p>\n<ul>\n<li>\n<h3><span style=\"color: #ff0000;\"><strong>Primer d\u00eda de apertura en el nuevo local -&gt; 8 DE ABRIL<\/strong><\/span><\/h3>\n<\/li>\n<li>\n<h3><span style=\"color: #ff0000;\"><strong>Primer S\u00e1bado de apertura -&gt; 11 DE ABRIL<\/strong><\/span><\/h3>\n<\/li>\n<\/ul>\n<p>Lamentamos las molestias que os pueda ocasionar, pero ya sab\u00e9is que somos pocos y es mucho lo que hay que acondicionar.<br \/>\nGracias<\/p>\n","protected":false},"excerpt":{"rendered":"<p>Como sab\u00e9is, estamos ahora mismo en plena mudanza de local, con todo desmantelado. Desde el 1 de abril, estaremos ubicados en un espacio que ya conoc\u00e9is la mayor\u00eda, que se llama Espacio C\u00edvico Zigia 28 (c\/ Zigia 28), pero al estar la S. Santa ya aqu\u00ed y comenzar en un sitio nuevo, realmente hasta despu\u00e9s &hellip;<\/p>\n<p class=\"read-more\"> <a class=\"\" href=\"https:\/\/asfema.org\/blog\/index.php\/dia-de-apertura-de-nueva-sede-asfema\/\"> <span class=\"screen-reader-text\">Dia de apertura de nueva sede ASFEMA<\/span> Read More &raquo;<\/a><\/p>\n","protected":false},"author":11,"featured_media":4237,"comment_status":"open","ping_status":"open","sticky":false,"template":"","format":"standard","meta":{"site-sidebar-layout":"default","site-content-layout":"default","ast-global-header-display":"","ast-banner-title-visibility":"","ast-main-header-display":"","ast-hfb-above-header-display":"","ast-hfb-below-header-display":"","ast-hfb-mobile-header-display":"","site-post-title":"","ast-breadcrumbs-content":"","ast-featured-img":"","footer-sml-layout":"","theme-transparent-header-meta":"default","adv-header-id-meta":"","stick-header-meta":"","header-above-stick-meta":"","header-main-stick-meta":"","header-below-stick-meta":"","footnotes":""},"categories":[332,328,5],"tags":[550,457,456],"acf":[],"_links":{"self":[{"href":"https:\/\/asfema.org\/blog\/index.php\/wp-json\/wp\/v2\/posts\/6228"}],"collection":[{"href":"https:\/\/asfema.org\/blog\/index.php\/wp-json\/wp\/v2\/posts"}],"about":[{"href":"https:\/\/asfema.org\/blog\/index.php\/wp-json\/wp\/v2\/types\/post"}],"author":[{"embeddable":true,"href":"https:\/\/asfema.org\/blog\/index.php\/wp-json\/wp\/v2\/users\/11"}],"replies":[{"embeddable":true,"href":"https:\/\/asfema.org\/blog\/index.php\/wp-json\/wp\/v2\/comments?post=6228"}],"version-history":[{"count":1,"href":"https:\/\/asfema.org\/blog\/index.php\/wp-json\/wp\/v2\/posts\/6228\/revisions"}],"predecessor-version":[{"id":6229,"href":"https:\/\/asfema.org\/blog\/index.php\/wp-json\/wp\/v2\/posts\/6228\/revisions\/6229"}],"wp:featuredmedia":[{"embeddable":true,"href":"https:\/\/asfema.org\/blog\/index.php\/wp-json\/wp\/v2\/media\/4237"}],"wp:attachment":[{"href":"https:\/\/asfema.org\/blog\/index.php\/wp-json\/wp\/v2\/media?parent=6228"}],"wp:term":[{"taxonomy":"category","embeddable":true,"href":"https:\/\/asfema.org\/blog\/index.php\/wp-json\/wp\/v2\/categories?post=6228"},{"taxonomy":"post_tag","embeddable":true,"href":"https:\/\/asfema.org\/blog\/index.php\/wp-json\/wp\/v2\/tags?post=6228"}],"curies":[{"name":"wp","href":"https:\/\/api.w.org\/{rel}","templated":true}]}}