{"id":626,"date":"2012-09-07T08:07:56","date_gmt":"2012-09-07T08:07:56","guid":{"rendered":"https:\/\/asfema.org\/blog\/?p=626"},"modified":"2012-10-10T11:30:03","modified_gmt":"2012-10-10T11:30:03","slug":"informacion-sobre-la-conferencia-nacional-de-enfermedades-metabolicas-hereditarias","status":"publish","type":"post","link":"https:\/\/asfema.org\/blog\/index.php\/informacion-sobre-la-conferencia-nacional-de-enfermedades-metabolicas-hereditarias\/","title":{"rendered":"Informaci\u00f3n sobre la Conferencia Nacional de Enfermedades Metab\u00f3licas Hereditarias"},"content":{"rendered":"<figure id=\"attachment_630\" aria-describedby=\"caption-attachment-630\" style=\"width: 300px\" class=\"wp-caption alignnone\"><a href=\"https:\/\/asfema.org\/blog\/wp-content\/uploads\/2012\/09\/ScreenClip-2.png\"><img decoding=\"async\" loading=\"lazy\" class=\"size-medium wp-image-630\" title=\"Conferencia EMH\" src=\"https:\/\/asfema.org\/blog\/wp-content\/uploads\/2012\/09\/ScreenClip-2-300x244.png\" alt=\"\" width=\"300\" height=\"244\" srcset=\"https:\/\/asfema.org\/blog\/wp-content\/uploads\/2012\/09\/ScreenClip-2-300x244.png 300w, https:\/\/asfema.org\/blog\/wp-content\/uploads\/2012\/09\/ScreenClip-2.png 559w\" sizes=\"(max-width: 300px) 100vw, 300px\" \/><\/a><figcaption id=\"caption-attachment-630\" class=\"wp-caption-text\">Cartel de la XVI Conferencia de EMH<\/figcaption><\/figure>\n<p>Como ya sab\u00e9is durante los d\u00edas 13, 14 y 15 de septiembre tendr\u00e1 lugar la Conferencia Nacional de Enfermedades Metab\u00f3licas Hereditarias en la Manga del Mar Menor en Murcia.<\/p>\n<p>Este a\u00f1o habr\u00e1 una nutrida representaci\u00f3n de ASFEMA y si alguno de \u00faltima hora se quiere apuntar que se ponga en contacto con la junta directiva o por email a contacto@asfema.org<\/p>\n<p>Esperamos que todos los socios pasen un buen fin de semana y podamos compartir experiencias y conocimientos con otros afectados.<\/p>\n<p>Descargar el Programa:\u00a0<a href=\"https:\/\/asfema.org\/blog\/wp-content\/uploads\/2012\/09\/diptico-CONGRESO-MURCIA-21.pdf\">D\u00edptico CONGRESO MURCIA<\/a><\/p>\n","protected":false},"excerpt":{"rendered":"<p>Como ya sab\u00e9is durante los d\u00edas 13, 14 y 15 de septiembre tendr\u00e1 lugar la Conferencia Nacional de Enfermedades Metab\u00f3licas Hereditarias en la Manga del Mar Menor en Murcia. Este a\u00f1o habr\u00e1 una nutrida representaci\u00f3n de ASFEMA y si alguno de \u00faltima hora se quiere apuntar que se ponga en contacto con la junta directiva &hellip;<\/p>\n<p class=\"read-more\"> <a class=\"\" href=\"https:\/\/asfema.org\/blog\/index.php\/informacion-sobre-la-conferencia-nacional-de-enfermedades-metabolicas-hereditarias\/\"> <span class=\"screen-reader-text\">Informaci\u00f3n sobre la Conferencia Nacional de Enfermedades Metab\u00f3licas Hereditarias<\/span> Read More &raquo;<\/a><\/p>\n","protected":false},"author":1,"featured_media":630,"comment_status":"open","ping_status":"open","sticky":false,"template":"","format":"standard","meta":{"site-sidebar-layout":"default","site-content-layout":"default","ast-global-header-display":"","ast-banner-title-visibility":"","ast-main-header-display":"","ast-hfb-above-header-display":"","ast-hfb-below-header-display":"","ast-hfb-mobile-header-display":"","site-post-title":"","ast-breadcrumbs-content":"","ast-featured-img":"","footer-sml-layout":"","theme-transparent-header-meta":"","adv-header-id-meta":"","stick-header-meta":"","header-above-stick-meta":"","header-main-stick-meta":"","header-below-stick-meta":"","footnotes":""},"categories":[31],"tags":[89],"acf":[],"_links":{"self":[{"href":"https:\/\/asfema.org\/blog\/index.php\/wp-json\/wp\/v2\/posts\/626"}],"collection":[{"href":"https:\/\/asfema.org\/blog\/index.php\/wp-json\/wp\/v2\/posts"}],"about":[{"href":"https:\/\/asfema.org\/blog\/index.php\/wp-json\/wp\/v2\/types\/post"}],"author":[{"embeddable":true,"href":"https:\/\/asfema.org\/blog\/index.php\/wp-json\/wp\/v2\/users\/1"}],"replies":[{"embeddable":true,"href":"https:\/\/asfema.org\/blog\/index.php\/wp-json\/wp\/v2\/comments?post=626"}],"version-history":[{"count":0,"href":"https:\/\/asfema.org\/blog\/index.php\/wp-json\/wp\/v2\/posts\/626\/revisions"}],"wp:featuredmedia":[{"embeddable":true,"href":"https:\/\/asfema.org\/blog\/index.php\/wp-json\/wp\/v2\/media\/630"}],"wp:attachment":[{"href":"https:\/\/asfema.org\/blog\/index.php\/wp-json\/wp\/v2\/media?parent=626"}],"wp:term":[{"taxonomy":"category","embeddable":true,"href":"https:\/\/asfema.org\/blog\/index.php\/wp-json\/wp\/v2\/categories?post=626"},{"taxonomy":"post_tag","embeddable":true,"href":"https:\/\/asfema.org\/blog\/index.php\/wp-json\/wp\/v2\/tags?post=626"}],"curies":[{"name":"wp","href":"https:\/\/api.w.org\/{rel}","templated":true}]}}