{"id":636,"date":"2012-09-22T21:36:10","date_gmt":"2012-09-22T21:36:10","guid":{"rendered":"https:\/\/asfema.org\/blog\/?p=636"},"modified":"2012-09-22T21:36:10","modified_gmt":"2012-09-22T21:36:10","slug":"encuesta-epirare-para-los-registros-de-pacientes-con-enfermedades-raras","status":"publish","type":"post","link":"https:\/\/asfema.org\/blog\/index.php\/encuesta-epirare-para-los-registros-de-pacientes-con-enfermedades-raras\/","title":{"rendered":"Encuesta EPIRARE para los registros de pacientes con enfermedades raras"},"content":{"rendered":"<p><span style=\"color: #222222; font-family: arial, sans-serif; font-size: 13px; line-height: normal; text-align: justify; background-color: #ffffff;\"><a title=\"EPIRARE\" href=\"http:\/\/www.epirare.eu\/\" target=\"_blank\"><strong>EPIRARE<\/strong><\/a>, plataforma europea para los registros de pacientes con enfermedades raras, ha lanzado una <strong>encuesta<\/strong> cuyo objetivo principal es llevar a cabo un estudio de viabilidad que permita abordar aspectos reguladores, \u00e9ticos y t\u00e9cnicos asociados con la posible creaci\u00f3n de una plataforma de referencia europea para registros de pacientes con enfermedades raras.\u00a0<\/span><br style=\"color: #222222; font-family: arial, sans-serif; font-size: 13px; line-height: normal; text-align: justify; background-color: #ffffff;\" \/><br style=\"color: #222222; font-family: arial, sans-serif; font-size: 13px; line-height: normal; text-align: justify; background-color: #ffffff;\" \/><span style=\"color: #222222; font-family: arial, sans-serif; font-size: 13px; line-height: normal; text-align: justify; background-color: #ffffff;\">La opini\u00f3n de cada uno de los que conformamos el tejido asociativo de las enfermedades poco frecuentes -asociaciones, pacientes, familiares y sector sociosanitario- es crucial por lo que os solicitamos:\u00a0<\/span><br style=\"color: #222222; font-family: arial, sans-serif; font-size: 13px; line-height: normal; text-align: justify; background-color: #ffffff;\" \/><br style=\"color: #222222; font-family: arial, sans-serif; font-size: 13px; line-height: normal; text-align: justify; background-color: #ffffff;\" \/><span style=\"color: #222222; font-family: arial, sans-serif; font-size: 13px; line-height: normal; text-align: justify; background-color: #ffffff;\">1. Que redistribuy\u00e1is esta encuesta entre vuestros contactos. A mayor participaci\u00f3n contaremos con resultados m\u00e1s representativos.\u00a0<\/span><br style=\"color: #222222; font-family: arial, sans-serif; font-size: 13px; line-height: normal; text-align: justify; background-color: #ffffff;\" \/><br style=\"color: #222222; font-family: arial, sans-serif; font-size: 13px; line-height: normal; text-align: justify; background-color: #ffffff;\" \/><span style=\"color: #222222; font-family: arial, sans-serif; font-size: 13px; line-height: normal; text-align: justify; background-color: #ffffff;\">2. Que abr\u00e1is el link ahora mismo y dej\u00e9is registrada vuestra opini\u00f3n.<strong> La encuesta es an\u00f3nima<\/strong>, est\u00e1 escrita en espa\u00f1ol, es online y rellanarla os ocupar\u00e1 unos 20 minutos.\u00a0<\/span><br style=\"color: #222222; font-family: arial, sans-serif; font-size: 13px; line-height: normal; text-align: justify; background-color: #ffffff;\" \/><br style=\"color: #222222; font-family: arial, sans-serif; font-size: 13px; line-height: normal; text-align: justify; background-color: #ffffff;\" \/><span style=\"color: #222222; font-family: arial, sans-serif; font-size: 13px; line-height: normal; text-align: justify; background-color: #ffffff;\">Link de la encuesta:\u00a0<\/span><a style=\"color: #1155cc; font-family: arial, sans-serif; font-size: 13px; line-height: normal; text-align: justify; background-color: #ffffff;\" href=\"https:\/\/www.surveymonkey.com\/s\/PY5BHMY\" target=\"_blank\">https:\/\/www.surveymonkey.com\/<wbr>s\/PY5BHMY<\/wbr><\/a><span style=\"color: #222222; font-family: arial, sans-serif; font-size: 13px; line-height: normal; text-align: justify; background-color: #ffffff;\">\u00a0<\/span><br style=\"color: #222222; font-family: arial, sans-serif; font-size: 13px; line-height: normal; text-align: justify; background-color: #ffffff;\" \/><br style=\"color: #222222; font-family: arial, sans-serif; font-size: 13px; line-height: normal; text-align: justify; background-color: #ffffff;\" \/><span style=\"color: #222222; font-family: arial, sans-serif; font-size: 13px; line-height: normal; text-align: justify; background-color: #ffffff;\">Gracias por vuestra colaboraci\u00f3n,\u00a0<\/span><\/p>\n","protected":false},"excerpt":{"rendered":"<p>EPIRARE, plataforma europea para los registros de pacientes con enfermedades raras, ha lanzado una encuesta cuyo objetivo principal es llevar a cabo un estudio de viabilidad que permita abordar aspectos reguladores, \u00e9ticos y t\u00e9cnicos asociados con la posible creaci\u00f3n de una plataforma de referencia europea para registros de pacientes con enfermedades raras.\u00a0La opini\u00f3n de cada &hellip;<\/p>\n<p class=\"read-more\"> <a class=\"\" href=\"https:\/\/asfema.org\/blog\/index.php\/encuesta-epirare-para-los-registros-de-pacientes-con-enfermedades-raras\/\"> <span class=\"screen-reader-text\">Encuesta EPIRARE para los registros de pacientes con enfermedades raras<\/span> Read More &raquo;<\/a><\/p>\n","protected":false},"author":1,"featured_media":0,"comment_status":"open","ping_status":"open","sticky":false,"template":"","format":"standard","meta":{"site-sidebar-layout":"default","site-content-layout":"default","ast-global-header-display":"","ast-banner-title-visibility":"","ast-main-header-display":"","ast-hfb-above-header-display":"","ast-hfb-below-header-display":"","ast-hfb-mobile-header-display":"","site-post-title":"","ast-breadcrumbs-content":"","ast-featured-img":"","footer-sml-layout":"","theme-transparent-header-meta":"","adv-header-id-meta":"","stick-header-meta":"","header-above-stick-meta":"","header-main-stick-meta":"","header-below-stick-meta":"","footnotes":""},"categories":[31],"tags":[90,35],"acf":[],"_links":{"self":[{"href":"https:\/\/asfema.org\/blog\/index.php\/wp-json\/wp\/v2\/posts\/636"}],"collection":[{"href":"https:\/\/asfema.org\/blog\/index.php\/wp-json\/wp\/v2\/posts"}],"about":[{"href":"https:\/\/asfema.org\/blog\/index.php\/wp-json\/wp\/v2\/types\/post"}],"author":[{"embeddable":true,"href":"https:\/\/asfema.org\/blog\/index.php\/wp-json\/wp\/v2\/users\/1"}],"replies":[{"embeddable":true,"href":"https:\/\/asfema.org\/blog\/index.php\/wp-json\/wp\/v2\/comments?post=636"}],"version-history":[{"count":0,"href":"https:\/\/asfema.org\/blog\/index.php\/wp-json\/wp\/v2\/posts\/636\/revisions"}],"wp:attachment":[{"href":"https:\/\/asfema.org\/blog\/index.php\/wp-json\/wp\/v2\/media?parent=636"}],"wp:term":[{"taxonomy":"category","embeddable":true,"href":"https:\/\/asfema.org\/blog\/index.php\/wp-json\/wp\/v2\/categories?post=636"},{"taxonomy":"post_tag","embeddable":true,"href":"https:\/\/asfema.org\/blog\/index.php\/wp-json\/wp\/v2\/tags?post=636"}],"curies":[{"name":"wp","href":"https:\/\/api.w.org\/{rel}","templated":true}]}}