{"id":703,"date":"2012-10-26T18:04:18","date_gmt":"2012-10-26T18:04:18","guid":{"rendered":"https:\/\/asfema.org\/blog\/?p=703"},"modified":"2012-10-26T18:05:10","modified_gmt":"2012-10-26T18:05:10","slug":"charla-online-en-tekuidamos-2-0","status":"publish","type":"post","link":"https:\/\/asfema.org\/blog\/index.php\/charla-online-en-tekuidamos-2-0\/","title":{"rendered":"Charla online en Tekuidamos 2.0"},"content":{"rendered":"<p>Tuve la oportunidad de conocer a <strong>Olga Navarro<\/strong>, en la <a title=\"Charla sobre la PKU en las primeras jornadas de eSaludJCyL\" href=\"https:\/\/asfema.org\/blog\/?p=347\">charla sobre la PKU que di en las Jornadas de eSaludJCyL en la Escuela de Enfermer\u00eda de Salamanca<\/a>.<\/p>\n<p>Olga ha montado &#8220;una com<span style=\"background-color: #ffffff; color: #373737; font-family: 'Helvetica Neue', Helvetica, Arial, sans-serif; font-size: 15px; line-height: 24px; text-align: justify;\">unidad de pr\u00e1ctica enfocada a la formaci\u00f3n y aprendizaje del uso de herramientas 2.0 y redes sociales en el \u00e1mbito de la salud&#8221;. Cada cierto tiempo se organizan sesiones v\u00eda internet, en las que distintos ponentes exponen sus ideas y experiencias.\u00a0<\/span><\/p>\n<p>En esta oportunidad, desde <strong>ASFEMA<\/strong> podemos compartir con un mont\u00f3n de profesionales de la salud, nuestra historia.<\/p>\n<p>Por supuesto, <strong>est\u00e1is todos invitados<\/strong>. Toda la informaci\u00f3n la encontrar\u00e9is en este enlace:<\/p>\n<p><a href=\"http:\/\/tekuidamos.com\/2012\/10\/de-oceanos-redes-y-pacientes\/\">De oc\u00e9anos, redes y pacientes | Tekuidamos<\/a>.<\/p>\n<p style=\"text-align: center;\"><a href=\"http:\/\/tekuidamos.com\/2012\/10\/de-oceanos-redes-y-pacientes\/\"><img decoding=\"async\" src=\"https:\/\/asfema.org\/blog\/wp-content\/uploads\/2012\/10\/284852745151232350_jwFGKVRY_c.jpg\" alt=\"\" \/><\/a><\/p>\n","protected":false},"excerpt":{"rendered":"<p>Tuve la oportunidad de conocer a Olga Navarro, en la charla sobre la PKU que di en las Jornadas de eSaludJCyL en la Escuela de Enfermer\u00eda de Salamanca. Olga ha montado &#8220;una comunidad de pr\u00e1ctica enfocada a la formaci\u00f3n y aprendizaje del uso de herramientas 2.0 y redes sociales en el \u00e1mbito de la salud&#8221;. &hellip;<\/p>\n<p class=\"read-more\"> <a class=\"\" href=\"https:\/\/asfema.org\/blog\/index.php\/charla-online-en-tekuidamos-2-0\/\"> <span class=\"screen-reader-text\">Charla online en Tekuidamos 2.0<\/span> Read More &raquo;<\/a><\/p>\n","protected":false},"author":1,"featured_media":0,"comment_status":"open","ping_status":"open","sticky":false,"template":"","format":"standard","meta":{"site-sidebar-layout":"default","site-content-layout":"default","ast-global-header-display":"","ast-banner-title-visibility":"","ast-main-header-display":"","ast-hfb-above-header-display":"","ast-hfb-below-header-display":"","ast-hfb-mobile-header-display":"","site-post-title":"","ast-breadcrumbs-content":"","ast-featured-img":"","footer-sml-layout":"","theme-transparent-header-meta":"","adv-header-id-meta":"","stick-header-meta":"","header-above-stick-meta":"","header-main-stick-meta":"","header-below-stick-meta":"","footnotes":""},"categories":[31],"tags":[97,99,98,96],"acf":[],"_links":{"self":[{"href":"https:\/\/asfema.org\/blog\/index.php\/wp-json\/wp\/v2\/posts\/703"}],"collection":[{"href":"https:\/\/asfema.org\/blog\/index.php\/wp-json\/wp\/v2\/posts"}],"about":[{"href":"https:\/\/asfema.org\/blog\/index.php\/wp-json\/wp\/v2\/types\/post"}],"author":[{"embeddable":true,"href":"https:\/\/asfema.org\/blog\/index.php\/wp-json\/wp\/v2\/users\/1"}],"replies":[{"embeddable":true,"href":"https:\/\/asfema.org\/blog\/index.php\/wp-json\/wp\/v2\/comments?post=703"}],"version-history":[{"count":0,"href":"https:\/\/asfema.org\/blog\/index.php\/wp-json\/wp\/v2\/posts\/703\/revisions"}],"wp:attachment":[{"href":"https:\/\/asfema.org\/blog\/index.php\/wp-json\/wp\/v2\/media?parent=703"}],"wp:term":[{"taxonomy":"category","embeddable":true,"href":"https:\/\/asfema.org\/blog\/index.php\/wp-json\/wp\/v2\/categories?post=703"},{"taxonomy":"post_tag","embeddable":true,"href":"https:\/\/asfema.org\/blog\/index.php\/wp-json\/wp\/v2\/tags?post=703"}],"curies":[{"name":"wp","href":"https:\/\/api.w.org\/{rel}","templated":true}]}}