{"id":712,"date":"2012-10-29T10:00:31","date_gmt":"2012-10-29T10:00:31","guid":{"rendered":"https:\/\/asfema.org\/blog\/?p=712"},"modified":"2012-10-26T18:32:06","modified_gmt":"2012-10-26T18:32:06","slug":"ayuda-para-que-manuel-recupere-la-vista","status":"publish","type":"post","link":"https:\/\/asfema.org\/blog\/index.php\/ayuda-para-que-manuel-recupere-la-vista\/","title":{"rendered":"Ayuda para que Manuel recupere la vista"},"content":{"rendered":"<div><strong>Manuel<\/strong>, es el ni\u00f1o de 6 a\u00f1os de una compa\u00f1era de trabajo y amiga de una mam\u00e1 del<strong> AMPA Maestro\u00a0Padilla del PAU de Carabanchel<\/strong>. Como podr\u00e9is ver a continuaci\u00f3n, <strong>Manuel tiene un importante problema\u00a0de visi\u00f3n<\/strong> que le hace tener una agudeza visual de tan s\u00f3lo el 25% lo que le impide e imposibilita enormemente su vida. Esto podr\u00eda tener soluci\u00f3n si recibe un\u00a0costoso tratamiento, junto con la cirug\u00eda adecuada.<\/div>\n<div><\/div>\n<div>\n<figure id=\"attachment_713\" aria-describedby=\"caption-attachment-713\" style=\"width: 222px\" class=\"wp-caption aligncenter\"><a href=\"https:\/\/asfema.org\/blog\/wp-content\/uploads\/2012\/10\/1620806.jpg\"><img decoding=\"async\" loading=\"lazy\" class=\"size-medium wp-image-713\" title=\"Manuel y su mam\u00e1\" src=\"https:\/\/asfema.org\/blog\/wp-content\/uploads\/2012\/10\/1620806-222x300.jpg\" alt=\"Manuel y su mam\u00e1\" width=\"222\" height=\"300\" \/><\/a><figcaption id=\"caption-attachment-713\" class=\"wp-caption-text\">Manuel y su madre<\/figcaption><\/figure>\n<\/div>\n<div>\nDesde el AMPA apoyamos la iniciativa que est\u00e1 realizando su mam\u00e1, y os animamos a tod@s libremente a colaborar con la causa de Manuel, bien <strong>aportando una peque\u00f1a cantidad\u00a0econ\u00f3mica<\/strong>, bien <strong>distribuyendo la noticia entre todos vuestros contactos<\/strong>,\u00a0o bien de la mejor forma que consider\u00e9is.<\/div>\n<div><\/div>\n<div>Por favor,<strong>\u00a0ver la historia de Manuel y todos los detalles en el siguiente enlace de nuestra p\u00e1gina Web.<\/strong><\/div>\n<div><\/div>\n<div><span style=\"color: #3333ff; font-family: 'Trebuchet MS';\"><em><a href=\"http:\/\/www.ampamaestropadilla.es\/manuel.html\" target=\"_blank\">http:\/\/www.ampamaestropadilla.<wbr>es\/manuel.html<\/wbr><\/a><\/em><\/span><\/div>\n<div><\/div>\n<div>Seguramente <strong>dentro de unos d\u00edas, cada uno de nosotros ni nos acordemos que tenemos unos m\u00ednimos euros menos en el bolsillo, sin embargo Manuel se acordar\u00e1 toda su vida de nosotros y del resto de\u00a0personas que le ayudaron<\/strong>, cuando por las ma\u00f1ana abra sus ojos y pueda ver d\u00eda tras d\u00eda un nuevo mundo para \u00e9l,\u00a0<em>el maravilloso mundo que por suerte casi todos nosotros s\u00ed que tenemos la suerte de poder apreciar y disfrutar<\/em>.<\/div>\n","protected":false},"excerpt":{"rendered":"<p>Manuel, es el ni\u00f1o de 6 a\u00f1os de una compa\u00f1era de trabajo y amiga de una mam\u00e1 del AMPA Maestro\u00a0Padilla del PAU de Carabanchel. Como podr\u00e9is ver a continuaci\u00f3n, Manuel tiene un importante problema\u00a0de visi\u00f3n que le hace tener una agudeza visual de tan s\u00f3lo el 25% lo que le impide e imposibilita enormemente su &hellip;<\/p>\n<p class=\"read-more\"> <a class=\"\" href=\"https:\/\/asfema.org\/blog\/index.php\/ayuda-para-que-manuel-recupere-la-vista\/\"> <span class=\"screen-reader-text\">Ayuda para que Manuel recupere la vista<\/span> Read More &raquo;<\/a><\/p>\n","protected":false},"author":1,"featured_media":713,"comment_status":"open","ping_status":"open","sticky":false,"template":"","format":"standard","meta":{"site-sidebar-layout":"default","site-content-layout":"default","ast-global-header-display":"","ast-banner-title-visibility":"","ast-main-header-display":"","ast-hfb-above-header-display":"","ast-hfb-below-header-display":"","ast-hfb-mobile-header-display":"","site-post-title":"","ast-breadcrumbs-content":"","ast-featured-img":"","footer-sml-layout":"","theme-transparent-header-meta":"","adv-header-id-meta":"","stick-header-meta":"","header-above-stick-meta":"","header-main-stick-meta":"","header-below-stick-meta":"","footnotes":""},"categories":[5],"tags":[37,100],"acf":[],"_links":{"self":[{"href":"https:\/\/asfema.org\/blog\/index.php\/wp-json\/wp\/v2\/posts\/712"}],"collection":[{"href":"https:\/\/asfema.org\/blog\/index.php\/wp-json\/wp\/v2\/posts"}],"about":[{"href":"https:\/\/asfema.org\/blog\/index.php\/wp-json\/wp\/v2\/types\/post"}],"author":[{"embeddable":true,"href":"https:\/\/asfema.org\/blog\/index.php\/wp-json\/wp\/v2\/users\/1"}],"replies":[{"embeddable":true,"href":"https:\/\/asfema.org\/blog\/index.php\/wp-json\/wp\/v2\/comments?post=712"}],"version-history":[{"count":0,"href":"https:\/\/asfema.org\/blog\/index.php\/wp-json\/wp\/v2\/posts\/712\/revisions"}],"wp:featuredmedia":[{"embeddable":true,"href":"https:\/\/asfema.org\/blog\/index.php\/wp-json\/wp\/v2\/media\/713"}],"wp:attachment":[{"href":"https:\/\/asfema.org\/blog\/index.php\/wp-json\/wp\/v2\/media?parent=712"}],"wp:term":[{"taxonomy":"category","embeddable":true,"href":"https:\/\/asfema.org\/blog\/index.php\/wp-json\/wp\/v2\/categories?post=712"},{"taxonomy":"post_tag","embeddable":true,"href":"https:\/\/asfema.org\/blog\/index.php\/wp-json\/wp\/v2\/tags?post=712"}],"curies":[{"name":"wp","href":"https:\/\/api.w.org\/{rel}","templated":true}]}}