{"id":748,"date":"2012-11-15T10:00:36","date_gmt":"2012-11-15T10:00:36","guid":{"rendered":"https:\/\/asfema.org\/blog\/?p=748"},"modified":"2017-05-14T11:49:22","modified_gmt":"2017-05-14T11:49:22","slug":"bizcocho-bajo-en-proteinas-de-harina-de-maiz-y-limon","status":"publish","type":"post","link":"https:\/\/asfema.org\/blog\/index.php\/bizcocho-bajo-en-proteinas-de-harina-de-maiz-y-limon\/","title":{"rendered":"Bizcocho bajo en prote\u00ednas de harina de ma\u00edz y lim\u00f3n"},"content":{"rendered":"<p><a href=\"http:\/\/www.directoalpaladar.com\/postres\/bizcocho-de-harina-de-maiz-y-limon-receta\"><img decoding=\"async\" loading=\"lazy\" src=\"https:\/\/asfema.org\/blog\/wp-content\/uploads\/2012\/11\/48117.jpg\" alt=\"\" width=\"455\" height=\"303\" \/><\/a><\/p>\n<p>\u00bfA qui\u00e9n no le gustan los bizcochos? Pues aqu\u00ed ten\u00e9is una receta de uno hecho con harina de ma\u00edz que es bajo en prote\u00ednas. Eso s\u00ed, \u00a1cuidado con abusar!<\/p>\n<p><a href=\"http:\/\/www.directoalpaladar.com\/postres\/bizcocho-de-harina-de-maiz-y-limon-receta\">Bizcocho de harina de ma\u00edz y lim\u00f3n. Receta<\/a>.<\/p>\n","protected":false},"excerpt":{"rendered":"<p>\u00bfA qui\u00e9n no le gustan los bizcochos? Pues aqu\u00ed ten\u00e9is una receta de uno hecho con harina de ma\u00edz que es bajo en prote\u00ednas. Eso s\u00ed, \u00a1cuidado con abusar! Bizcocho de harina de ma\u00edz y lim\u00f3n. Receta.<\/p>\n","protected":false},"author":1,"featured_media":3196,"comment_status":"open","ping_status":"open","sticky":false,"template":"","format":"standard","meta":{"site-sidebar-layout":"default","site-content-layout":"default","ast-global-header-display":"","ast-banner-title-visibility":"","ast-main-header-display":"","ast-hfb-above-header-display":"","ast-hfb-below-header-display":"","ast-hfb-mobile-header-display":"","site-post-title":"","ast-breadcrumbs-content":"","ast-featured-img":"","footer-sml-layout":"","theme-transparent-header-meta":"","adv-header-id-meta":"","stick-header-meta":"","header-above-stick-meta":"","header-main-stick-meta":"","header-below-stick-meta":"","footnotes":""},"categories":[1],"tags":[109,25],"acf":[],"_links":{"self":[{"href":"https:\/\/asfema.org\/blog\/index.php\/wp-json\/wp\/v2\/posts\/748"}],"collection":[{"href":"https:\/\/asfema.org\/blog\/index.php\/wp-json\/wp\/v2\/posts"}],"about":[{"href":"https:\/\/asfema.org\/blog\/index.php\/wp-json\/wp\/v2\/types\/post"}],"author":[{"embeddable":true,"href":"https:\/\/asfema.org\/blog\/index.php\/wp-json\/wp\/v2\/users\/1"}],"replies":[{"embeddable":true,"href":"https:\/\/asfema.org\/blog\/index.php\/wp-json\/wp\/v2\/comments?post=748"}],"version-history":[{"count":1,"href":"https:\/\/asfema.org\/blog\/index.php\/wp-json\/wp\/v2\/posts\/748\/revisions"}],"predecessor-version":[{"id":3197,"href":"https:\/\/asfema.org\/blog\/index.php\/wp-json\/wp\/v2\/posts\/748\/revisions\/3197"}],"wp:featuredmedia":[{"embeddable":true,"href":"https:\/\/asfema.org\/blog\/index.php\/wp-json\/wp\/v2\/media\/3196"}],"wp:attachment":[{"href":"https:\/\/asfema.org\/blog\/index.php\/wp-json\/wp\/v2\/media?parent=748"}],"wp:term":[{"taxonomy":"category","embeddable":true,"href":"https:\/\/asfema.org\/blog\/index.php\/wp-json\/wp\/v2\/categories?post=748"},{"taxonomy":"post_tag","embeddable":true,"href":"https:\/\/asfema.org\/blog\/index.php\/wp-json\/wp\/v2\/tags?post=748"}],"curies":[{"name":"wp","href":"https:\/\/api.w.org\/{rel}","templated":true}]}}