{"id":765,"date":"2012-11-13T11:52:02","date_gmt":"2012-11-13T11:52:02","guid":{"rendered":"https:\/\/asfema.org\/blog\/?p=765"},"modified":"2012-11-19T11:09:11","modified_gmt":"2012-11-19T11:09:11","slug":"empanada-gallega-baja-en-proteinas","status":"publish","type":"post","link":"https:\/\/asfema.org\/blog\/index.php\/empanada-gallega-baja-en-proteinas\/","title":{"rendered":"Empanada Gallega Baja en Prote\u00ednas"},"content":{"rendered":"<p>De nuevo desde <strong>Celicalia<\/strong> nos llega esta receta de<strong> empanada gallega baja en prote\u00ednas<\/strong>.<\/p>\n<p><iframe loading=\"lazy\" src=\"http:\/\/www.youtube.com\/embed\/TurRbXjrBJI?list=UUMM6-IzqFgnUP6qurA19Tjg&amp;hl=en_US\" frameborder=\"0\" width=\"560\" height=\"315\"><\/iframe><\/p>\n<p>En el v\u00eddeo se usa relleno de at\u00fan, pero como es normal, nosotros lo podremos reemplazar por cualquier otra verdura o sustituto de carne\/pescado que nos guste.<\/p>\n<p><a href=\"http:\/\/www.celicalia.org\/\">Empanada gallega baja en prote\u00ednas v\u00eda Celicalia.<\/a><\/p>\n","protected":false},"excerpt":{"rendered":"<p>De nuevo desde Celicalia nos llega esta receta de empanada gallega baja en prote\u00ednas. En el v\u00eddeo se usa relleno de at\u00fan, pero como es normal, nosotros lo podremos reemplazar por cualquier otra verdura o sustituto de carne\/pescado que nos guste. Empanada gallega baja en prote\u00ednas v\u00eda Celicalia.<\/p>\n","protected":false},"author":1,"featured_media":0,"comment_status":"open","ping_status":"open","sticky":false,"template":"","format":"standard","meta":{"site-sidebar-layout":"default","site-content-layout":"default","ast-global-header-display":"","ast-banner-title-visibility":"","ast-main-header-display":"","ast-hfb-above-header-display":"","ast-hfb-below-header-display":"","ast-hfb-mobile-header-display":"","site-post-title":"","ast-breadcrumbs-content":"","ast-featured-img":"","footer-sml-layout":"","theme-transparent-header-meta":"","adv-header-id-meta":"","stick-header-meta":"","header-above-stick-meta":"","header-main-stick-meta":"","header-below-stick-meta":"","footnotes":""},"categories":[1],"tags":[110,25],"acf":[],"_links":{"self":[{"href":"https:\/\/asfema.org\/blog\/index.php\/wp-json\/wp\/v2\/posts\/765"}],"collection":[{"href":"https:\/\/asfema.org\/blog\/index.php\/wp-json\/wp\/v2\/posts"}],"about":[{"href":"https:\/\/asfema.org\/blog\/index.php\/wp-json\/wp\/v2\/types\/post"}],"author":[{"embeddable":true,"href":"https:\/\/asfema.org\/blog\/index.php\/wp-json\/wp\/v2\/users\/1"}],"replies":[{"embeddable":true,"href":"https:\/\/asfema.org\/blog\/index.php\/wp-json\/wp\/v2\/comments?post=765"}],"version-history":[{"count":0,"href":"https:\/\/asfema.org\/blog\/index.php\/wp-json\/wp\/v2\/posts\/765\/revisions"}],"wp:attachment":[{"href":"https:\/\/asfema.org\/blog\/index.php\/wp-json\/wp\/v2\/media?parent=765"}],"wp:term":[{"taxonomy":"category","embeddable":true,"href":"https:\/\/asfema.org\/blog\/index.php\/wp-json\/wp\/v2\/categories?post=765"},{"taxonomy":"post_tag","embeddable":true,"href":"https:\/\/asfema.org\/blog\/index.php\/wp-json\/wp\/v2\/tags?post=765"}],"curies":[{"name":"wp","href":"https:\/\/api.w.org\/{rel}","templated":true}]}}