{"id":811,"date":"2012-12-18T12:18:33","date_gmt":"2012-12-18T12:18:33","guid":{"rendered":"https:\/\/asfema.org\/blog\/?p=811"},"modified":"2017-05-14T08:14:54","modified_gmt":"2017-05-14T08:14:54","slug":"informacion-sobre-el-modelo-sanitario-de-gestion-privada-en-madrid","status":"publish","type":"post","link":"https:\/\/asfema.org\/blog\/index.php\/informacion-sobre-el-modelo-sanitario-de-gestion-privada-en-madrid\/","title":{"rendered":"Informaci\u00f3n sobre el modelo sanitario de gesti\u00f3n privada en Madrid"},"content":{"rendered":"<p>Informaci\u00f3n sobre la reuni\u00f3n convocada por AFEM para informar a las distintas asociaciones acerca de el nuevo modelo de gesti\u00f3n sanitaria en Madrid:<\/p>\n<blockquote><p>Estimados socios y familiares,<\/p>\n<p>Me dirijo a vosotros para trasladaros lo que nos dijeron y propusieron los m\u00e9dicos de<strong> AFEM (Asociaci\u00f3n de Facultativos Especialistas de Madrid)<\/strong> de este lunes en una reuni\u00f3n informativa a las diferentes <strong>Asociaciones de pacientes de Madrid en el Hospital del 12 de Octubre<\/strong>.<\/p>\n<p>Nos informaron de que el d\u00eda 20 de diciembre se aprobar\u00e1n los Presupuestos del a\u00f1o 2013 en los que viene incluido el &#8220;<strong>Plan de Medidas de Garant\u00eda de la Sostenibilidad del Sistema Sanitario P\u00fablico de la Comunidad de Madrid<\/strong>&#8221; por el que la calidad y prestaciones de todo el sistema sanitario del que hemos venido disfrutando tras muchos a\u00f1os de esfuerzo y que es tan admirado en todo el mundo, toca a su fin.<\/p>\n<p>No hay ninguna de las medidas y argumentos presentados por la Consejer\u00eda de Sanidad de Madrid que sean ciertos y que no hayan sido rebatidos, denostados y demostrado fehacientemente con documentos y cuentas, subscritos por todos los estamentos de los profesionales de la salud, y, que muy al contrario de lo pretenden vender a la opini\u00f3n p\u00fablica, repercutir\u00e1n negativamente en la salud de los madrile\u00f1os (y todos los espa\u00f1oles que vengan a los centros especializados de primer orden mundial de Madrid)<\/p>\n<p>La Sanidad, es un servicio p\u00fablico que no deber\u00eda parametrizarse por &#8220;beneficios&#8221; econ\u00f3micos, sino en t\u00e9rminos de &#8220;beneficios&#8221; de la salud, la atenci\u00f3n y la prevenci\u00f3n&#8230;. para todos.<\/p>\n<p>Al pasar la gesti\u00f3n y titularidad a empresas privadas, como cualquier empresa, buscar\u00e1 beneficios econ\u00f3micos que vendr\u00e1n, necesariamente, de recortar las prestaciones y atenciones a los pacientes, cosa que de hecho, se constata ya en los Hospitales que tienen la gesti\u00f3n privada donde les limitan a los profesionales el n\u00famero de pruebas diagn\u00f3sticas como scanneres, RX&#8230; y diferentes tratamientos que deben de mandar al mes y que est\u00e1n bastante por debajo de las que se requieren. Encima les penalizan si se pasan&#8230;<\/p>\n<p>Nos dijo el Jefe de Oncolog\u00eda que ahora, al ser p\u00fablico y sin \u00e1nimo de lucro, ellos mandan las pruebas y tratamientos que consideran que necesitan para desarrollar bien su trabajo, en beneficio del paciente, no en el suyo ni en el de la propia empresa, pese a lo que cuesten. Y que mucho se temen que si esto se aprueba, en los hospitales nos dir\u00e1n que nos han hecho todas las pruebas y dado los tratamientos posibles, sin que tenga por qu\u00e9 ser cierto y claro, normalmente, les creeremos, porque son ellos los profesionales en quienes confiamos.<\/p>\n<p>Tambi\u00e9n dijeron que cada hospital privado cobrar\u00e1 del estado (o sea, de todos) por cada paciente y que dado su af\u00e1n lucrativo, &#8220;preferir\u00e1n&#8221; a los pacientes m\u00e1s sanos y que menos requieran de los servicios y no as\u00ed de colectivos como los nuestros, por lo que o nos derivar\u00e1n r\u00e1pidamente, o bien nos dejar\u00e1n en la mermada parte que quede puramente p\u00fablica y encima nos usar\u00e1n como excusa de lo &#8220;poco rentable&#8221; que ser\u00e1, (como si la salud tuviera que serlo&#8230;).<\/p>\n<p>Nos hablaron de que el modelo que quieren imponer es el de Valencia (modelo Alzira) y Gran Breta\u00f1a, que encima han tenido que ser rescatados con dinero p\u00fablico y que en Gran Breta\u00f1a les rescataron porque dec\u00edan que ellos no eran una ONG y que no\u00a0dar\u00edan\u00a0asistencia&#8230; Ag\u00fcitaaa.<\/p>\n<p>Encima, esto que quieren hacer, no computa como &#8220;Gastos&#8221; en las cuentas de Madrid o Espa\u00f1a, pero que s\u00ed lo hace, y negativamente, en la de la CEE.<br \/>\nTodos est\u00e1n de acuerdo en que el sistema se puede mejorar y optimizar, pero ahora el sistema falla tambi\u00e9n porque est\u00e1 todo centrado en la gesti\u00f3n y no en la relaci\u00f3n m\u00e9dico-paciente. Casi para pedir unas tijeras las tiene que firmar el Consejero de Sanidad.<br \/>\nLo peor de todo esto es que ser\u00eda una concesi\u00f3n por 10 a\u00f1os y si se inicia, la marcha atr\u00e1s ser\u00e1 muy dif\u00edcil, costar\u00e1 muchos a\u00f1os y encima nunca volver\u00e1 a ser lo mismo.<\/p>\n<p>Lo que nos pidieron, fue que les apoy\u00e1ramos, pues los cr\u00f3nicos vamos a ser los m\u00e1s desfavorecidos y porque consideran que las Asociaciones de Pacientes tenemos m\u00e1s fuerza de lo que creemos. Lo que acordamos ese d\u00eda fueron una serie de puntos:<br \/>\n1. Llevar carta a la Consejer\u00eda de Sanidad el jueves 13 de diciembre a las 11:00 (C\/ Aduana 29) para meterla por registro y darle difusi\u00f3n en los medios de comunicaci\u00f3n que convoquemos ese d\u00eda. Adjunto la de ASFEMA.<\/p>\n<p>2. Mandarla a los asociados y pedirles que, quien pueda se pase por all\u00ed para apoyar, pero que tambi\u00e9n env\u00eden la carta (<a href=\"https:\/\/asfema.org\/blog\/index.php\/informacion-sobre-el-modelo-sanitario-de-gestion-privada-en-madrid\/carta-dirigida-al-consejero-en-apoyo-a-la-sanidad-publica\/\" rel=\"attachment wp-att-813\">Carta dirigida al Consejero en apoyo a la Sanidad P\u00fablica<\/a>) a la Consejer\u00eda antes del, por correo ordinario o al email: <strong>consejero.sanidad@salud.madrid.org<\/strong> a ver si les saturamos.<\/p>\n<p>3. Difundirlo a quienes conozcamos por mail, twitter o facebook<\/p>\n<p>Como v\u00e9is, estamos en un momento delicado, que nos llena de preocupaci\u00f3n y, desgraciadamente, la \u00fanica posibilidad que nos dejan para actuar es este tipo de acciones. <span style=\"text-decoration: underline;\"><strong>Os ruego que colabor\u00e9is y que lo difund\u00e1is, cuantos m\u00e1s seamos y estemos unidos, mejor<\/strong><\/span>. Es por una buena causa y nosotros lo sabemos mejor que nadie&#8230;<\/p><\/blockquote>\n","protected":false},"excerpt":{"rendered":"<p>Informaci\u00f3n sobre la reuni\u00f3n convocada por AFEM para informar a las distintas asociaciones acerca de el nuevo modelo de gesti\u00f3n sanitaria en Madrid: Estimados socios y familiares, Me dirijo a vosotros para trasladaros lo que nos dijeron y propusieron los m\u00e9dicos de AFEM (Asociaci\u00f3n de Facultativos Especialistas de Madrid) de este lunes en una reuni\u00f3n &hellip;<\/p>\n<p class=\"read-more\"> <a class=\"\" href=\"https:\/\/asfema.org\/blog\/index.php\/informacion-sobre-el-modelo-sanitario-de-gestion-privada-en-madrid\/\"> <span class=\"screen-reader-text\">Informaci\u00f3n sobre el modelo sanitario de gesti\u00f3n privada en Madrid<\/span> Read More &raquo;<\/a><\/p>\n","protected":false},"author":1,"featured_media":3043,"comment_status":"open","ping_status":"open","sticky":false,"template":"","format":"standard","meta":{"site-sidebar-layout":"default","site-content-layout":"default","ast-global-header-display":"","ast-banner-title-visibility":"","ast-main-header-display":"","ast-hfb-above-header-display":"","ast-hfb-below-header-display":"","ast-hfb-mobile-header-display":"","site-post-title":"","ast-breadcrumbs-content":"","ast-featured-img":"","footer-sml-layout":"","theme-transparent-header-meta":"","adv-header-id-meta":"","stick-header-meta":"","header-above-stick-meta":"","header-main-stick-meta":"","header-below-stick-meta":"","footnotes":""},"categories":[5],"tags":[106,116],"acf":[],"_links":{"self":[{"href":"https:\/\/asfema.org\/blog\/index.php\/wp-json\/wp\/v2\/posts\/811"}],"collection":[{"href":"https:\/\/asfema.org\/blog\/index.php\/wp-json\/wp\/v2\/posts"}],"about":[{"href":"https:\/\/asfema.org\/blog\/index.php\/wp-json\/wp\/v2\/types\/post"}],"author":[{"embeddable":true,"href":"https:\/\/asfema.org\/blog\/index.php\/wp-json\/wp\/v2\/users\/1"}],"replies":[{"embeddable":true,"href":"https:\/\/asfema.org\/blog\/index.php\/wp-json\/wp\/v2\/comments?post=811"}],"version-history":[{"count":2,"href":"https:\/\/asfema.org\/blog\/index.php\/wp-json\/wp\/v2\/posts\/811\/revisions"}],"predecessor-version":[{"id":3079,"href":"https:\/\/asfema.org\/blog\/index.php\/wp-json\/wp\/v2\/posts\/811\/revisions\/3079"}],"wp:featuredmedia":[{"embeddable":true,"href":"https:\/\/asfema.org\/blog\/index.php\/wp-json\/wp\/v2\/media\/3043"}],"wp:attachment":[{"href":"https:\/\/asfema.org\/blog\/index.php\/wp-json\/wp\/v2\/media?parent=811"}],"wp:term":[{"taxonomy":"category","embeddable":true,"href":"https:\/\/asfema.org\/blog\/index.php\/wp-json\/wp\/v2\/categories?post=811"},{"taxonomy":"post_tag","embeddable":true,"href":"https:\/\/asfema.org\/blog\/index.php\/wp-json\/wp\/v2\/tags?post=811"}],"curies":[{"name":"wp","href":"https:\/\/api.w.org\/{rel}","templated":true}]}}