{"id":885,"date":"2013-02-26T07:09:00","date_gmt":"2013-02-26T07:09:00","guid":{"rendered":"https:\/\/asfema.org\/blog\/?p=885"},"modified":"2013-04-28T10:00:55","modified_gmt":"2013-04-28T10:00:55","slug":"i-ciclomarcha-mtb-btt-por-la-enfermedades-raras-metabolicas","status":"publish","type":"post","link":"https:\/\/asfema.org\/blog\/index.php\/i-ciclomarcha-mtb-btt-por-la-enfermedades-raras-metabolicas\/","title":{"rendered":"I Ciclomarcha MTB BTT por la Enfermedades Raras Metab\u00f3licas"},"content":{"rendered":"<p><a href=\"https:\/\/asfema.org\/blog\/wp-content\/uploads\/2013\/02\/CicloMarchaWeb.jpg\"><img decoding=\"async\" loading=\"lazy\" class=\"aligncenter size-full wp-image-870\" alt=\"cartel-Ciclomarcha-def_40\" src=\"https:\/\/asfema.org\/blog\/wp-content\/uploads\/2013\/02\/CicloMarchaWeb.jpg\" width=\"450\" height=\"600\" \/><\/a><\/p>\n<p>\u00a1Ya est\u00e1 en marcha! El pr\u00f3ximo d\u00eda <strong>28 de Abril<\/strong> tendr\u00e1 lugar la\u00a0<strong>I Ciclomarcha MTB BTT por la Enfermedades Raras Metab\u00f3licas<\/strong> en El Tiemblo (\u00c1vila).<\/p>\n<p>Es una gran oportunidad para vernos todos las caras y adem\u00e1s <strong>recaudar fondos para nuestra asociaci\u00f3n<\/strong> que tanta falta nos hacen.<\/p>\n<p>Si todo sale bien, podr\u00edamos cubrir una buena parte del presupuesto del a\u00f1o 2013. Pero eso no es lo m\u00e1s importante, lo mejor ser\u00e1 que habremos logrado hacer todos algo juntos, y habremos hecho disfrutar de una jornada muy divertida a m\u00e1s de 500 personas amantes del ciclismo de monta\u00f1a.<\/p>\n<p>Necesitamos la <strong>asistencia y colaboraci\u00f3n de todos los socios de Asfema<\/strong>, porque tendremos que estar ayudando tambi\u00e9n en la organizaci\u00f3n de la prueba. Se esperan 500 corredores y hay que darles bocadillos y bebidas a mitad del recorrido y cuando lleguen a la meta.<\/p>\n<p>Toda la informaci\u00f3n sobre la prueba y el formulario de inscripci\u00f3n est\u00e1n en <a title=\"I Ciclomarcha MTB por las Enfermedades Raras Metab\u00f3licas\" href=\"https:\/\/asfema.org\/blog\/?page_id=857\" target=\"_blank\">esta p\u00e1gina web<\/a>.<\/p>\n<p>De momento lo que ya puedes hacer es difundir el evento entre tus contactos, y si conoces a alguien del ciclismo o que le guste la BTT d\u00edselo para que se venga con sus amigos.<\/p>\n<p>Nos vemos en Abril<\/p>\n<p>&nbsp;<\/p>\n","protected":false},"excerpt":{"rendered":"<p>\u00a1Ya est\u00e1 en marcha! El pr\u00f3ximo d\u00eda 28 de Abril tendr\u00e1 lugar la\u00a0I Ciclomarcha MTB BTT por la Enfermedades Raras Metab\u00f3licas en El Tiemblo (\u00c1vila). Es una gran oportunidad para vernos todos las caras y adem\u00e1s recaudar fondos para nuestra asociaci\u00f3n que tanta falta nos hacen. Si todo sale bien, podr\u00edamos cubrir una buena parte &hellip;<\/p>\n<p class=\"read-more\"> <a class=\"\" href=\"https:\/\/asfema.org\/blog\/index.php\/i-ciclomarcha-mtb-btt-por-la-enfermedades-raras-metabolicas\/\"> <span class=\"screen-reader-text\">I Ciclomarcha MTB BTT por la Enfermedades Raras Metab\u00f3licas<\/span> Read More &raquo;<\/a><\/p>\n","protected":false},"author":1,"featured_media":872,"comment_status":"open","ping_status":"open","sticky":false,"template":"","format":"standard","meta":{"site-sidebar-layout":"default","site-content-layout":"default","ast-global-header-display":"","ast-banner-title-visibility":"","ast-main-header-display":"","ast-hfb-above-header-display":"","ast-hfb-below-header-display":"","ast-hfb-mobile-header-display":"","site-post-title":"","ast-breadcrumbs-content":"","ast-featured-img":"","footer-sml-layout":"","theme-transparent-header-meta":"","adv-header-id-meta":"","stick-header-meta":"","header-above-stick-meta":"","header-main-stick-meta":"","header-below-stick-meta":"","footnotes":""},"categories":[31],"tags":[126,34],"acf":[],"_links":{"self":[{"href":"https:\/\/asfema.org\/blog\/index.php\/wp-json\/wp\/v2\/posts\/885"}],"collection":[{"href":"https:\/\/asfema.org\/blog\/index.php\/wp-json\/wp\/v2\/posts"}],"about":[{"href":"https:\/\/asfema.org\/blog\/index.php\/wp-json\/wp\/v2\/types\/post"}],"author":[{"embeddable":true,"href":"https:\/\/asfema.org\/blog\/index.php\/wp-json\/wp\/v2\/users\/1"}],"replies":[{"embeddable":true,"href":"https:\/\/asfema.org\/blog\/index.php\/wp-json\/wp\/v2\/comments?post=885"}],"version-history":[{"count":0,"href":"https:\/\/asfema.org\/blog\/index.php\/wp-json\/wp\/v2\/posts\/885\/revisions"}],"wp:featuredmedia":[{"embeddable":true,"href":"https:\/\/asfema.org\/blog\/index.php\/wp-json\/wp\/v2\/media\/872"}],"wp:attachment":[{"href":"https:\/\/asfema.org\/blog\/index.php\/wp-json\/wp\/v2\/media?parent=885"}],"wp:term":[{"taxonomy":"category","embeddable":true,"href":"https:\/\/asfema.org\/blog\/index.php\/wp-json\/wp\/v2\/categories?post=885"},{"taxonomy":"post_tag","embeddable":true,"href":"https:\/\/asfema.org\/blog\/index.php\/wp-json\/wp\/v2\/tags?post=885"}],"curies":[{"name":"wp","href":"https:\/\/api.w.org\/{rel}","templated":true}]}}