{"id":910,"date":"2013-03-04T09:04:29","date_gmt":"2013-03-04T09:04:29","guid":{"rendered":"https:\/\/asfema.org\/blog\/?p=910"},"modified":"2013-03-04T09:04:29","modified_gmt":"2013-03-04T09:04:29","slug":"enfermedades-raras-metabolicas-las-otras-alergias-alimentarias-desconocidas","status":"publish","type":"post","link":"https:\/\/asfema.org\/blog\/index.php\/enfermedades-raras-metabolicas-las-otras-alergias-alimentarias-desconocidas\/","title":{"rendered":"Enfermedades Raras Metab\u00f3licas. Las otras &#8220;alergias&#8221; alimentarias desconocidas"},"content":{"rendered":"<p>En el conocido blog de gastronom\u00eda Directo al Paladar, se ha publicado un art\u00edculo sobre las Enfermedades Raras Metab\u00f3licas que os puede resultar interesante.<\/p>\n<p style=\"text-align: center;\"><a href=\"http:\/\/www.directoalpaladar.com\/salud\/enfermedades-raras-metabolicas-las-otras-alergias-alimentarias-desconocidas\"><img src='https:\/\/asfema.org\/blog\/wp-content\/uploads\/2013\/03\/51245.jpg' alt='' \/><\/a><\/p>\n<p>Se\u00f1ala algunas de las dificultades y retos a los que se enfrentan los afectados y las familias y adem\u00e1s, denuncia la necesidad de ampliar el cribado neonatal com\u00fan a toda la poblaci\u00f3n.<\/p>\n<p><a href=\"http:\/\/www.directoalpaladar.com\/salud\/enfermedades-raras-metabolicas-las-otras-alergias-alimentarias-desconocidas\">Enfermedades Raras Metab\u00f3licas. Las otras &#8220;alergias&#8221; alimentarias desconocidas<\/a>.<\/p>\n","protected":false},"excerpt":{"rendered":"<p>En el conocido blog de gastronom\u00eda Directo al Paladar, se ha publicado un art\u00edculo sobre las Enfermedades Raras Metab\u00f3licas que os puede resultar interesante. Se\u00f1ala algunas de las dificultades y retos a los que se enfrentan los afectados y las familias y adem\u00e1s, denuncia la necesidad de ampliar el cribado neonatal com\u00fan a toda la &hellip;<\/p>\n<p class=\"read-more\"> <a class=\"\" href=\"https:\/\/asfema.org\/blog\/index.php\/enfermedades-raras-metabolicas-las-otras-alergias-alimentarias-desconocidas\/\"> <span class=\"screen-reader-text\">Enfermedades Raras Metab\u00f3licas. Las otras &#8220;alergias&#8221; alimentarias desconocidas<\/span> Read More &raquo;<\/a><\/p>\n","protected":false},"author":1,"featured_media":0,"comment_status":"open","ping_status":"open","sticky":false,"template":"","format":"standard","meta":{"site-sidebar-layout":"default","site-content-layout":"default","ast-global-header-display":"","ast-banner-title-visibility":"","ast-main-header-display":"","ast-hfb-above-header-display":"","ast-hfb-below-header-display":"","ast-hfb-mobile-header-display":"","site-post-title":"","ast-breadcrumbs-content":"","ast-featured-img":"","footer-sml-layout":"","theme-transparent-header-meta":"","adv-header-id-meta":"","stick-header-meta":"","header-above-stick-meta":"","header-main-stick-meta":"","header-below-stick-meta":"","footnotes":""},"categories":[5],"tags":[26],"acf":[],"_links":{"self":[{"href":"https:\/\/asfema.org\/blog\/index.php\/wp-json\/wp\/v2\/posts\/910"}],"collection":[{"href":"https:\/\/asfema.org\/blog\/index.php\/wp-json\/wp\/v2\/posts"}],"about":[{"href":"https:\/\/asfema.org\/blog\/index.php\/wp-json\/wp\/v2\/types\/post"}],"author":[{"embeddable":true,"href":"https:\/\/asfema.org\/blog\/index.php\/wp-json\/wp\/v2\/users\/1"}],"replies":[{"embeddable":true,"href":"https:\/\/asfema.org\/blog\/index.php\/wp-json\/wp\/v2\/comments?post=910"}],"version-history":[{"count":0,"href":"https:\/\/asfema.org\/blog\/index.php\/wp-json\/wp\/v2\/posts\/910\/revisions"}],"wp:attachment":[{"href":"https:\/\/asfema.org\/blog\/index.php\/wp-json\/wp\/v2\/media?parent=910"}],"wp:term":[{"taxonomy":"category","embeddable":true,"href":"https:\/\/asfema.org\/blog\/index.php\/wp-json\/wp\/v2\/categories?post=910"},{"taxonomy":"post_tag","embeddable":true,"href":"https:\/\/asfema.org\/blog\/index.php\/wp-json\/wp\/v2\/tags?post=910"}],"curies":[{"name":"wp","href":"https:\/\/api.w.org\/{rel}","templated":true}]}}