{"id":922,"date":"2013-03-05T17:15:25","date_gmt":"2013-03-05T17:15:25","guid":{"rendered":"https:\/\/asfema.org\/blog\/?p=922"},"modified":"2013-03-05T17:29:17","modified_gmt":"2013-03-05T17:29:17","slug":"se-buscan-voluntarios-de-para-la-i-ciclomarcha-btt-mtb-por-las-enfermedades-raras-metabolicas","status":"publish","type":"post","link":"https:\/\/asfema.org\/blog\/index.php\/se-buscan-voluntarios-de-para-la-i-ciclomarcha-btt-mtb-por-las-enfermedades-raras-metabolicas\/","title":{"rendered":"Se buscan voluntarios de para la I Ciclomarcha BTT MTB por las Enfermedades Raras Metab\u00f3licas"},"content":{"rendered":"<p>Como seguro que ya sabes, en ASFEMA estamos organizando la <a title=\"I Ciclomarcha MTB BTT por las Enfermedades Raras Metab\u00f3licas\" href=\"https:\/\/asfema.org\/blog\/?page_id=857\" target=\"_blank\">I Ciclomarcha MTB BTT por la Enfermedades Raras Metab\u00f3licas<\/a> y <strong>necesitamos la ayuda de todos<\/strong>. Es decir,<\/p>\n<figure style=\"width: 300px\" class=\"wp-caption aligncenter\"><img decoding=\"async\" loading=\"lazy\" alt=\"Os necesitamos\" src=\"http:\/\/elrincon.tv\/wp-content\/uploads\/2012\/06\/we_need_you.jpg\" width=\"300\" height=\"400\" \/><figcaption class=\"wp-caption-text\">\u00a1Os necesitamos!<\/figcaption><\/figure>\n<p>Para coordinar mejor a los voluntarios que quieran colaborar os pedimos que rellen\u00e9is este sencillo formulario:<\/p>\n<p class=\"wpcf7-contact-form-not-found\"><strong>Error:<\/strong> Contact form not found.<\/p>\n<p>Todos los voluntarios se les obsequiar\u00e1 con una<strong> camiseta conmemorativa del evento<\/strong>. A los voluntarios seleccionados se les avisar\u00e1 con la suficiente antelaci\u00f3n sobre su funci\u00f3n el d\u00eda de la prueba, avituallamientos, entrega de dorsales, entrega de bolsas de comida, etc&#8230;<\/p>\n<p>Muchas gracias a todos por vuestra colaboraci\u00f3n.<\/p>\n","protected":false},"excerpt":{"rendered":"<p>Como seguro que ya sabes, en ASFEMA estamos organizando la I Ciclomarcha MTB BTT por la Enfermedades Raras Metab\u00f3licas y necesitamos la ayuda de todos. Es decir, Para coordinar mejor a los voluntarios que quieran colaborar os pedimos que rellen\u00e9is este sencillo formulario: Todos los voluntarios se les obsequiar\u00e1 con una camiseta conmemorativa del evento. &hellip;<\/p>\n<p class=\"read-more\"> <a class=\"\" href=\"https:\/\/asfema.org\/blog\/index.php\/se-buscan-voluntarios-de-para-la-i-ciclomarcha-btt-mtb-por-las-enfermedades-raras-metabolicas\/\"> <span class=\"screen-reader-text\">Se buscan voluntarios de para la I Ciclomarcha BTT MTB por las Enfermedades Raras Metab\u00f3licas<\/span> Read More &raquo;<\/a><\/p>\n","protected":false},"author":1,"featured_media":0,"comment_status":"open","ping_status":"open","sticky":false,"template":"","format":"standard","meta":{"site-sidebar-layout":"default","site-content-layout":"default","ast-global-header-display":"","ast-banner-title-visibility":"","ast-main-header-display":"","ast-hfb-above-header-display":"","ast-hfb-below-header-display":"","ast-hfb-mobile-header-display":"","site-post-title":"","ast-breadcrumbs-content":"","ast-featured-img":"","footer-sml-layout":"","theme-transparent-header-meta":"","adv-header-id-meta":"","stick-header-meta":"","header-above-stick-meta":"","header-main-stick-meta":"","header-below-stick-meta":"","footnotes":""},"categories":[31],"tags":[32,34,33,129],"acf":[],"_links":{"self":[{"href":"https:\/\/asfema.org\/blog\/index.php\/wp-json\/wp\/v2\/posts\/922"}],"collection":[{"href":"https:\/\/asfema.org\/blog\/index.php\/wp-json\/wp\/v2\/posts"}],"about":[{"href":"https:\/\/asfema.org\/blog\/index.php\/wp-json\/wp\/v2\/types\/post"}],"author":[{"embeddable":true,"href":"https:\/\/asfema.org\/blog\/index.php\/wp-json\/wp\/v2\/users\/1"}],"replies":[{"embeddable":true,"href":"https:\/\/asfema.org\/blog\/index.php\/wp-json\/wp\/v2\/comments?post=922"}],"version-history":[{"count":0,"href":"https:\/\/asfema.org\/blog\/index.php\/wp-json\/wp\/v2\/posts\/922\/revisions"}],"wp:attachment":[{"href":"https:\/\/asfema.org\/blog\/index.php\/wp-json\/wp\/v2\/media?parent=922"}],"wp:term":[{"taxonomy":"category","embeddable":true,"href":"https:\/\/asfema.org\/blog\/index.php\/wp-json\/wp\/v2\/categories?post=922"},{"taxonomy":"post_tag","embeddable":true,"href":"https:\/\/asfema.org\/blog\/index.php\/wp-json\/wp\/v2\/tags?post=922"}],"curies":[{"name":"wp","href":"https:\/\/api.w.org\/{rel}","templated":true}]}}